{"id":6980,"date":"2026-04-29T06:23:23","date_gmt":"2026-04-29T09:23:23","guid":{"rendered":"https:\/\/vagas.portalemprego.com.br\/?p=6980"},"modified":"2026-04-29T06:23:23","modified_gmt":"2026-04-29T09:23:23","slug":"secretaria-comercial-senior-comercial-vendas-rio-de-janeiro","status":"publish","type":"post","link":"https:\/\/vagas.portalemprego.com.br\/?p=6980","title":{"rendered":"Secret\u00e1ria Comercial S\u00eanior &#8211; Comercial, Vendas &#8211; Rio de Janeiro"},"content":{"rendered":"<p>Estimada candidata,<\/p>\n<p>N\u00f3s da Luandre Servi\u00e7os Tempor\u00e1rios Ltda.<br \/>\nEstamos encantados em estender uma oferta de emprego para o cargo de Secret\u00e1ria Comercial S\u00eanior.<br \/>\nNosso time est\u00e1 \u00e0 procura de um profissional experiente, confiante e altamente organizado para se juntar a n\u00f3s em nosso escrit\u00f3rio localizado em Barra da Tijuca.<\/p>\n<p>Requisitos:<br \/>\n&#8211; Experi\u00eancia comprovada em vendas e m\u00eddias sociais<br \/>\n&#8211; Conhecimento s\u00f3lido em sistemas ERP<br \/>\n&#8211; Habilidade em Excel no n\u00edvel intermedi\u00e1rio<br \/>\n&#8211; Experi\u00eancia pr\u00e9via em atendimento ao p\u00fablico<br \/>\n&#8211; F\u00e1cil acesso \u00e0 localiza\u00e7\u00e3o Barra da Tijuca<\/p>\n<p>Responsabilidades:<br \/>\n&#8211; Fornecer suporte administrativo e gerencial aos nossos gerentes de conta<br \/>\n&#8211; Auxiliar nas atividades de vendas e marketing<br \/>\n&#8211; Gerenciar e atualizar nossos sistemas ERP<br \/>\n&#8211; Criar e publicar conte\u00fado em nossas m\u00eddias sociais<br \/>\n&#8211; Fornecer um excelente servi\u00e7o ao cliente em nossa recep\u00e7\u00e3o<\/p>\n<p>Se voc\u00ea se identificar com essas habilidades e responsabilidades, gostar\u00edamos de convid\u00e1-la a se juntar \u00e0 nossa equipe.<br \/>\nN\u00f3s acreditamos que sua experi\u00eancia e paix\u00e3o por nossa miss\u00e3o nos ajudar\u00e3o a continuar fornecendo solu\u00e7\u00f5es excepcionais a nossos clientes.<\/p>\n<p>Aguarde nossas instru\u00e7\u00f5es sobre como continuar com o processo de contrata\u00e7\u00e3o.<\/p>\n<p>Atenciosamente,<br \/>\nTime de Recrutamento e Sele\u00e7\u00e3o<br \/>\nLuandre Servi\u00e7os Tempor\u00e1rios Ltda.<\/p>\n<ul>\n<li>Local de trabalho: Rio de Janeiro, RJ<\/li>\n<li>Regime de contrata\u00e7\u00e3o de tipo: Efetivo \u2013 CLT<\/li>\n<li>Jornada: Per\u00edodo Integral<\/li>\n<li>\u00c1rea e especializa\u00e7\u00e3o profissional: Comercial, Vendas &#8211; Venda T\u00e9cnica<\/li>\n<li>N\u00edvel hier\u00e1rquico: Consultor<\/li>\n<\/ul>\n<p>VALORIZADO<\/p>\n<p>Tempo de experi\u00eancia: Entre 3 e 5 anos<\/p>\n<p>HABILIDADES<\/p>\n<ul>\n<li>Experi\u00eancia com vendas  e m\u00eddias sociais<\/li>\n<li>Conhecimento sistema ERP<\/li>\n<li>Excel intermedi\u00e1rio<\/li>\n<li>Experi\u00eancia com atendimento \u00e1 p\u00fablico<\/li>\n<li>F\u00e1cil acesso a Barra da Tijuca<\/li>\n<\/ul>\n<p>Escolaridade M\u00ednima: Ensino Superior<\/p>\n<p>Forma\u00e7\u00e3o desejada:<\/p>\n<ul>\n<li>Marketing, Ensino Superior<\/li>\n<li>Administra\u00e7\u00e3o de empresas, Ensino Superior<\/li>\n<li>Publicidade e propaganda, Ensino Superior<\/li>\n<\/ul>\n<ul>\n<li>Assist\u00eancia m\u00e9dica<\/li>\n<li>Vale-refei\u00e7\u00e3o<\/li>\n<li>Vale-transporte<\/li>\n<li>Comiss\u00f5es<\/li>\n<\/ul>\n<p>Sal\u00e1rio: 3000,0<\/p>\n","protected":false},"excerpt":{"rendered":"<p>Estimada candidata, N\u00f3s da Luandre Servi\u00e7os Tempor\u00e1rios Ltda. Estamos encantados em estender uma oferta de emprego para o cargo de Secret\u00e1ria Comercial S\u00eanior. Nosso time est\u00e1 \u00e0 procura de um profissional experiente, confiante e altamente organizado para se juntar a n\u00f3s em nosso escrit\u00f3rio localizado em Barra da Tijuca. Requisitos: &#8211; Experi\u00eancia comprovada em vendas [&hellip;]<\/p>\n","protected":false},"author":1,"featured_media":0,"comment_status":"open","ping_status":"open","sticky":false,"template":"","format":"standard","meta":{"footnotes":""},"categories":[21],"tags":[],"class_list":["post-6980","post","type-post","status-publish","format-standard","hentry","category-rio-de-janeiro-rj"],"_links":{"self":[{"href":"https:\/\/vagas.portalemprego.com.br\/index.php?rest_route=\/wp\/v2\/posts\/6980","targetHints":{"allow":["GET"]}}],"collection":[{"href":"https:\/\/vagas.portalemprego.com.br\/index.php?rest_route=\/wp\/v2\/posts"}],"about":[{"href":"https:\/\/vagas.portalemprego.com.br\/index.php?rest_route=\/wp\/v2\/types\/post"}],"author":[{"embeddable":true,"href":"https:\/\/vagas.portalemprego.com.br\/index.php?rest_route=\/wp\/v2\/users\/1"}],"replies":[{"embeddable":true,"href":"https:\/\/vagas.portalemprego.com.br\/index.php?rest_route=%2Fwp%2Fv2%2Fcomments&post=6980"}],"version-history":[{"count":0,"href":"https:\/\/vagas.portalemprego.com.br\/index.php?rest_route=\/wp\/v2\/posts\/6980\/revisions"}],"wp:attachment":[{"href":"https:\/\/vagas.portalemprego.com.br\/index.php?rest_route=%2Fwp%2Fv2%2Fmedia&parent=6980"}],"wp:term":[{"taxonomy":"category","embeddable":true,"href":"https:\/\/vagas.portalemprego.com.br\/index.php?rest_route=%2Fwp%2Fv2%2Fcategories&post=6980"},{"taxonomy":"post_tag","embeddable":true,"href":"https:\/\/vagas.portalemprego.com.br\/index.php?rest_route=%2Fwp%2Fv2%2Ftags&post=6980"}],"curies":[{"name":"wp","href":"https:\/\/api.w.org\/{rel}","templated":true}]}}