{"id":6981,"date":"2026-04-29T06:23:23","date_gmt":"2026-04-29T09:23:23","guid":{"rendered":"https:\/\/vagas.portalemprego.com.br\/?p=6981"},"modified":"2026-04-29T06:23:23","modified_gmt":"2026-04-29T09:23:23","slug":"assistente-de-farmacia-hospitalar-saude-rio-de-janeiro","status":"publish","type":"post","link":"https:\/\/vagas.portalemprego.com.br\/?p=6981","title":{"rendered":"Assistente de Farm\u00e1cia Hospitalar &#8211; Sa\u00fade &#8211; Rio de Janeiro"},"content":{"rendered":"<p>Contribuir nas atividades da assist\u00eancia farmac\u00eautica da Casa, atuando efetivamente na aquisi\u00e7\u00e3o, armazenamento, distribui\u00e7\u00e3o, dispensa\u00e7\u00e3o e controle dos materiais e medicamentos, assim como na manipula\u00e7\u00e3o de f\u00e1rmacos.<br \/>\n\u2022\tAtender solicita\u00e7\u00f5es de materiais e medicamentos dos pacientes e atender os geras das farm\u00e1cias sat\u00e9lites conforme processo interno;<br \/>\n\u2022\tRealizar a devolu\u00e7\u00e3o de materiais e medicamentos dispensados previamente aos pacientes, seja por prescri\u00e7\u00e3o ou kit cir\u00fargico;<br \/>\n\u2022\tPrestar atendimentos ao balc\u00e3o e telefone;<br \/>\n\u2022\tRealizar a contagem rotativa dos medicamentos, dietas enterais\/suplementos e materiais;<br \/>\n\u2022\tParticipar dos invent\u00e1rios de estoque peri\u00f3dicos;<br \/>\n\u2022\tFazer o registro de temperatura ambiente\/geladeira e umidade;<br \/>\n\u2022\tGarantir o ressuprimento dos carros de emerg\u00eancia e maletas de transporte;<br \/>\n\u2022\tRealizar atividades peri\u00f3dicas de contagem e controle de estoque de medicamentos e materiais;<br \/>\n\u2022\tRealizar unitariza\u00e7\u00e3o e fracionamento de medicamentos e materiais de acordo com procedimento padronizado;<br \/>\n\u2022\tRealizar a entrada de Notas Fiscais dos produtos adquiridos no sistema;<br \/>\n\u2022\tRealizar atendimento, recebimento e confer\u00eancia das cotas das farm\u00e1cias sat\u00e9lites;<br \/>\n\u2022\tAuxiliar no processo de baixa de produtos registrando em formul\u00e1rio espec\u00edfico toda e qualquer perda de medicamentos e materiais;<br \/>\n\u2022\tRastrear diverg\u00eancias do estoque via sistema;<br \/>\n\u2022\tSolucionar problemas junto ao faturamento;<br \/>\n\u2022\tProduzir os Kits de procedimento;<br \/>\n\u2022\tRealizar o controle de validade dos materiais e medicamentos estocados;<br \/>\n\u2022\tExecutar atividades e processos definidos pela equipe farmac\u00eautica e analistas;<\/p>\n<ul>\n<li>Local de trabalho: Rio de Janeiro, RJ<\/li>\n<li>Regime de contrata\u00e7\u00e3o de tipo: Efetivo \u2013 CLT<\/li>\n<li>Jornada: Per\u00edodo Integral<\/li>\n<li>\u00c1rea e especializa\u00e7\u00e3o profissional: Sa\u00fade &#8211; Farm\u00e1cia<\/li>\n<li>N\u00edvel hier\u00e1rquico: Operacional<\/li>\n<\/ul>\n<p>Escolaridade M\u00ednima: Ensino M\u00e9dio (2\u00ba Grau)<\/p>\n<ul>\n<li>CONVENIO SESC<\/li>\n<li>GYMPASS<\/li>\n<li>ASSISTENCIA FUNERAL<\/li>\n<li>Assist\u00eancia odontol\u00f3gica<\/li>\n<li>vt<\/li>\n<li>VA<\/li>\n<li>Refei\u00e7\u00e3o no local<\/li>\n<li>Assist\u00eancia m\u00e9dica<\/li>\n<li>Seguro de Vida<\/li>\n<\/ul>\n","protected":false},"excerpt":{"rendered":"<p>Contribuir nas atividades da assist\u00eancia farmac\u00eautica da Casa, atuando efetivamente na aquisi\u00e7\u00e3o, armazenamento, distribui\u00e7\u00e3o, dispensa\u00e7\u00e3o e controle dos materiais e medicamentos, assim como na manipula\u00e7\u00e3o de f\u00e1rmacos. \u2022 Atender solicita\u00e7\u00f5es de materiais e medicamentos dos pacientes e atender os geras das farm\u00e1cias sat\u00e9lites conforme processo interno; \u2022 Realizar a devolu\u00e7\u00e3o de materiais e medicamentos dispensados [&hellip;]<\/p>\n","protected":false},"author":1,"featured_media":0,"comment_status":"open","ping_status":"open","sticky":false,"template":"","format":"standard","meta":{"footnotes":""},"categories":[21],"tags":[],"class_list":["post-6981","post","type-post","status-publish","format-standard","hentry","category-rio-de-janeiro-rj"],"_links":{"self":[{"href":"https:\/\/vagas.portalemprego.com.br\/index.php?rest_route=\/wp\/v2\/posts\/6981","targetHints":{"allow":["GET"]}}],"collection":[{"href":"https:\/\/vagas.portalemprego.com.br\/index.php?rest_route=\/wp\/v2\/posts"}],"about":[{"href":"https:\/\/vagas.portalemprego.com.br\/index.php?rest_route=\/wp\/v2\/types\/post"}],"author":[{"embeddable":true,"href":"https:\/\/vagas.portalemprego.com.br\/index.php?rest_route=\/wp\/v2\/users\/1"}],"replies":[{"embeddable":true,"href":"https:\/\/vagas.portalemprego.com.br\/index.php?rest_route=%2Fwp%2Fv2%2Fcomments&post=6981"}],"version-history":[{"count":0,"href":"https:\/\/vagas.portalemprego.com.br\/index.php?rest_route=\/wp\/v2\/posts\/6981\/revisions"}],"wp:attachment":[{"href":"https:\/\/vagas.portalemprego.com.br\/index.php?rest_route=%2Fwp%2Fv2%2Fmedia&parent=6981"}],"wp:term":[{"taxonomy":"category","embeddable":true,"href":"https:\/\/vagas.portalemprego.com.br\/index.php?rest_route=%2Fwp%2Fv2%2Fcategories&post=6981"},{"taxonomy":"post_tag","embeddable":true,"href":"https:\/\/vagas.portalemprego.com.br\/index.php?rest_route=%2Fwp%2Fv2%2Ftags&post=6981"}],"curies":[{"name":"wp","href":"https:\/\/api.w.org\/{rel}","templated":true}]}}