{"id":6983,"date":"2026-04-29T06:24:24","date_gmt":"2026-04-29T09:24:24","guid":{"rendered":"https:\/\/vagas.portalemprego.com.br\/?p=6983"},"modified":"2026-04-29T06:24:24","modified_gmt":"2026-04-29T09:24:24","slug":"estagiario-contabil-rdelfim-contabilidade-ilha-do-governador-contabil-financas-economia-rio-de-janeiro","status":"publish","type":"post","link":"https:\/\/vagas.portalemprego.com.br\/?p=6983","title":{"rendered":"ESTAGIARIO CONTABIL (RDELFIM CONTABILIDADE) &#8211; ILHA DO GOVERNADOR &#8211; Cont\u00e1bil, Finan\u00e7as, Economia &#8211; Rio de Janeiro"},"content":{"rendered":"<p>Voc\u00ea \u00e9 estudante de Contabilidade e est\u00e1 em busca de uma oportunidade para alavancar sua carreira? <\/p>\n<p>Somos a MR Carreira e Neg\u00f3cios e estamos em busca de jovens talentos que queiram aprender na pr\u00e1tica e contribuir com solu\u00e7\u00f5es inovadoras no ambiente din\u00e2mico e acolhedor de nosso cliente!.<\/p>\n<p>Venha fazer parte da equipe da RDELFIM Contabilidade, uma empresa de refer\u00eancia, localizada na Ilha do Governador, que valoriza o crescimento profissional e o aprendizado cont\u00ednuo!<\/p>\n<p>Requisitos:<br \/>\n&#8211; Estar cursando no m\u00ednimo o 3\u00ba per\u00edodo da Faculdade de Contabilidade;<br \/>\n&#8211; Possuir habilidade intermedi\u00e1ria em Excel;<br \/>\n&#8211; Ser proativo e demonstrar comunica\u00e7\u00e3o clara;<br \/>\n&#8211; Exibir detalhismo e empatia;<br \/>\n&#8211; Ter boas habilidades de escrita.<\/p>\n<p>Atribui\u00e7\u00f5es:<br \/>\n&#8211; Auxiliar na emiss\u00e3o dos Impostos e obriga\u00e7\u00f5es acess\u00f3rias<br \/>\n&#8211; Auxiliar na emiss\u00e3o de NFs<br \/>\n&#8211; Apoiar nos processos do departamento societ\u00e1rio<br \/>\n&#8211; Apoiar na administra\u00e7\u00e3o de benef\u00edcios (VT e VR)<br \/>\n&#8211; Auxiliar na Folha de pagamento<br \/>\n&#8211; Auxiliar no atendimento aos clientes<\/p>\n<p>Benef\u00edcios:<br \/>\n-Vale transporte<br \/>\n-Seguro de Vida<br \/>\n-Desenvolvimento profissional: Aprenda com especialistas da \u00e1rea e adquira experi\u00eancia pr\u00e1tica em contabilidade.<br \/>\n-Ambiente de trabalho acolhedor: Nossa equipe \u00e9 colaborativa e est\u00e1 sempre disposta a compartilhar conhecimentos.<br \/>\n-Localiza\u00e7\u00e3o estrat\u00e9gica: Nosso escrit\u00f3rio est\u00e1 localizado na Ilha do Governador, com f\u00e1cil acesso e um ambiente agrad\u00e1vel.<\/p>\n<p>Regime de Contrata\u00e7\u00e3o: Est\u00e1gio Remunerado<br \/>\nJornada: Seg a sex, 6 horas di\u00e1rias<\/p>\n<p>As vagas para a entrevista s\u00e3o limitadas! N\u00e3o perca a chance de come\u00e7ar sua carreira na RDelfim!<\/p>\n<p>Data limite para envio de candidaturas: 23\/01\/25!<br \/>\nEstamos ansiosos para conhecer voc\u00ea!<\/p>\n<p>Boa sorte!<\/p>\n<p>Equipe de Recrutamento e Sele\u00e7\u00e3o<br \/>\nMR Carreira e Neg\u00f3cios<\/p>\n<ul>\n<li>Local de trabalho: Rio de Janeiro, RJ<\/li>\n<li>Regime de contrata\u00e7\u00e3o de tipo: Est\u00e1gio<\/li>\n<li>Jornada: Parcial tardes<\/li>\n<li>\u00c1rea e especializa\u00e7\u00e3o profissional: Cont\u00e1bil, Finan\u00e7as, Economia &#8211; Contabilidade<\/li>\n<li>N\u00edvel hier\u00e1rquico: Estagi\u00e1rio<\/li>\n<\/ul>\n<p>HABILIDADES<\/p>\n<ul>\n<li>Boa escrita<\/li>\n<li>Empatia<\/li>\n<li>Detalhismo<\/li>\n<li>Proatividade<\/li>\n<li>Excel Intermedi\u00e1rio<\/li>\n<li>Cursando a partir do 3\u00ba periodo de Contabilidade<\/li>\n<li>Comunica\u00e7\u00e3o clara<\/li>\n<\/ul>\n<p>Escolaridade M\u00ednima: Ensino Superior<\/p>\n<ul>\n<li>Seguro de Vida<\/li>\n<li>Vale-transporte<\/li>\n<li>Estagio Remunerado<\/li>\n<\/ul>\n","protected":false},"excerpt":{"rendered":"<p>Voc\u00ea \u00e9 estudante de Contabilidade e est\u00e1 em busca de uma oportunidade para alavancar sua carreira? Somos a MR Carreira e Neg\u00f3cios e estamos em busca de jovens talentos que queiram aprender na pr\u00e1tica e contribuir com solu\u00e7\u00f5es inovadoras no ambiente din\u00e2mico e acolhedor de nosso cliente!. Venha fazer parte da equipe da RDELFIM Contabilidade, [&hellip;]<\/p>\n","protected":false},"author":1,"featured_media":0,"comment_status":"open","ping_status":"open","sticky":false,"template":"","format":"standard","meta":{"footnotes":""},"categories":[21],"tags":[],"class_list":["post-6983","post","type-post","status-publish","format-standard","hentry","category-rio-de-janeiro-rj"],"_links":{"self":[{"href":"https:\/\/vagas.portalemprego.com.br\/index.php?rest_route=\/wp\/v2\/posts\/6983","targetHints":{"allow":["GET"]}}],"collection":[{"href":"https:\/\/vagas.portalemprego.com.br\/index.php?rest_route=\/wp\/v2\/posts"}],"about":[{"href":"https:\/\/vagas.portalemprego.com.br\/index.php?rest_route=\/wp\/v2\/types\/post"}],"author":[{"embeddable":true,"href":"https:\/\/vagas.portalemprego.com.br\/index.php?rest_route=\/wp\/v2\/users\/1"}],"replies":[{"embeddable":true,"href":"https:\/\/vagas.portalemprego.com.br\/index.php?rest_route=%2Fwp%2Fv2%2Fcomments&post=6983"}],"version-history":[{"count":0,"href":"https:\/\/vagas.portalemprego.com.br\/index.php?rest_route=\/wp\/v2\/posts\/6983\/revisions"}],"wp:attachment":[{"href":"https:\/\/vagas.portalemprego.com.br\/index.php?rest_route=%2Fwp%2Fv2%2Fmedia&parent=6983"}],"wp:term":[{"taxonomy":"category","embeddable":true,"href":"https:\/\/vagas.portalemprego.com.br\/index.php?rest_route=%2Fwp%2Fv2%2Fcategories&post=6983"},{"taxonomy":"post_tag","embeddable":true,"href":"https:\/\/vagas.portalemprego.com.br\/index.php?rest_route=%2Fwp%2Fv2%2Ftags&post=6983"}],"curies":[{"name":"wp","href":"https:\/\/api.w.org\/{rel}","templated":true}]}}