{"id":6984,"date":"2026-04-29T06:24:24","date_gmt":"2026-04-29T09:24:24","guid":{"rendered":"https:\/\/vagas.portalemprego.com.br\/?p=6984"},"modified":"2026-04-29T06:24:24","modified_gmt":"2026-04-29T09:24:24","slug":"tecnico-de-eletromecanico-industrial-producao-fabrica-rio-de-janeiro-3","status":"publish","type":"post","link":"https:\/\/vagas.portalemprego.com.br\/?p=6984","title":{"rendered":"T\u00e9cnico de Eletromec\u00e2nico &#8211; Industrial, Produ\u00e7\u00e3o, F\u00e1brica &#8211; Rio de Janeiro"},"content":{"rendered":"<p>Pr\u00e9-Requisitos:<br \/>\nEnsino T\u00e9cnico em Eletromec\u00e2nica;<br \/>\nExperi\u00eancia comprovada na \u00e1rea;<br \/>\nNecess\u00e1rio ter disponibilidade de hor\u00e1rio;<\/p>\n<p>Atividades:<br \/>\nExecutar consertos de m\u00e1quinas e equipamentos e instala\u00e7\u00f5es el\u00e9tricas;<br \/>\nMontagem e desmontagem de motores;<br \/>\nRealizar manuten\u00e7\u00f5es corretiva e preventiva de parafusadeira, furadeira, serra tico tico, esmerilhadeira etc.<br \/>\nConhecimento com compressores de ar comprimido;<br \/>\nConhecimento com geradores;<br \/>\nE outras atividades relacionadas ao setor;<\/p>\n<p>Local de Trabalho: Bonsucesso &#8211; RJ<br \/>\nHor\u00e1rio: 07:30 \u00e0s 17:33 segunda \u00e0 sexta<\/p>\n<p>Empresa Oferece:<br \/>\nSal\u00e1rio:  \u00c0 combinar<br \/>\nBenef\u00edcios: VT + Refei\u00e7\u00e3o no local com desconto de R$3,00 em contra cheque + Plano de Sa\u00fade e Odontol\u00f3gico (ap\u00f3s per\u00edodo de experi\u00eancia) sendo realizado um desconto mensal e cooparticipa\u00e7\u00e3o em contra cheque + seguro de vida + aux\u00edlio funeral<\/p>\n<ul>\n<li>Local de trabalho: Rio de Janeiro, RJ<\/li>\n<li>Regime de contrata\u00e7\u00e3o de tipo: Efetivo \u2013 CLT<\/li>\n<li>Jornada: Per\u00edodo Integral<\/li>\n<li>\u00c1rea e especializa\u00e7\u00e3o profissional: Industrial, Produ\u00e7\u00e3o, F\u00e1brica &#8211; Produ\u00e7\u00e3o<\/li>\n<li>N\u00edvel hier\u00e1rquico: Especialista<\/li>\n<\/ul>\n<p>VALORIZADO<\/p>\n<p>Tempo de experi\u00eancia: Entre 3 e 5 anos<\/p>\n<p>Escolaridade M\u00ednima: Curso T\u00e9cnico<\/p>\n<ul>\n<li>Vale-transporte<\/li>\n<li>Refei\u00e7\u00e3o no local<\/li>\n<li>Assist\u00eancia m\u00e9dica<\/li>\n<li>Assist\u00eancia odontol\u00f3gica<\/li>\n<\/ul>\n","protected":false},"excerpt":{"rendered":"<p>Pr\u00e9-Requisitos: Ensino T\u00e9cnico em Eletromec\u00e2nica; Experi\u00eancia comprovada na \u00e1rea; Necess\u00e1rio ter disponibilidade de hor\u00e1rio; Atividades: Executar consertos de m\u00e1quinas e equipamentos e instala\u00e7\u00f5es el\u00e9tricas; Montagem e desmontagem de motores; Realizar manuten\u00e7\u00f5es corretiva e preventiva de parafusadeira, furadeira, serra tico tico, esmerilhadeira etc. Conhecimento com compressores de ar comprimido; Conhecimento com geradores; E outras atividades relacionadas [&hellip;]<\/p>\n","protected":false},"author":1,"featured_media":0,"comment_status":"open","ping_status":"open","sticky":false,"template":"","format":"standard","meta":{"footnotes":""},"categories":[21],"tags":[],"class_list":["post-6984","post","type-post","status-publish","format-standard","hentry","category-rio-de-janeiro-rj"],"_links":{"self":[{"href":"https:\/\/vagas.portalemprego.com.br\/index.php?rest_route=\/wp\/v2\/posts\/6984","targetHints":{"allow":["GET"]}}],"collection":[{"href":"https:\/\/vagas.portalemprego.com.br\/index.php?rest_route=\/wp\/v2\/posts"}],"about":[{"href":"https:\/\/vagas.portalemprego.com.br\/index.php?rest_route=\/wp\/v2\/types\/post"}],"author":[{"embeddable":true,"href":"https:\/\/vagas.portalemprego.com.br\/index.php?rest_route=\/wp\/v2\/users\/1"}],"replies":[{"embeddable":true,"href":"https:\/\/vagas.portalemprego.com.br\/index.php?rest_route=%2Fwp%2Fv2%2Fcomments&post=6984"}],"version-history":[{"count":0,"href":"https:\/\/vagas.portalemprego.com.br\/index.php?rest_route=\/wp\/v2\/posts\/6984\/revisions"}],"wp:attachment":[{"href":"https:\/\/vagas.portalemprego.com.br\/index.php?rest_route=%2Fwp%2Fv2%2Fmedia&parent=6984"}],"wp:term":[{"taxonomy":"category","embeddable":true,"href":"https:\/\/vagas.portalemprego.com.br\/index.php?rest_route=%2Fwp%2Fv2%2Fcategories&post=6984"},{"taxonomy":"post_tag","embeddable":true,"href":"https:\/\/vagas.portalemprego.com.br\/index.php?rest_route=%2Fwp%2Fv2%2Ftags&post=6984"}],"curies":[{"name":"wp","href":"https:\/\/api.w.org\/{rel}","templated":true}]}}