{"id":6985,"date":"2026-04-29T06:24:24","date_gmt":"2026-04-29T09:24:24","guid":{"rendered":"https:\/\/vagas.portalemprego.com.br\/?p=6985"},"modified":"2026-04-29T06:24:24","modified_gmt":"2026-04-29T09:24:24","slug":"analista-de-compras-compras-rio-de-janeiro-5","status":"publish","type":"post","link":"https:\/\/vagas.portalemprego.com.br\/?p=6985","title":{"rendered":"Analista de Compras &#8211; Compras &#8211; Rio de Janeiro"},"content":{"rendered":"<p>Pr\u00e9-Requisitos:<\/p>\n<p>Desej\u00e1vel estar cursando ou completo o ensino superior em Administra\u00e7\u00e3o ou \u00e1reas afins.<br \/>\n Conhecimento intermedi\u00e1rio de pacote office;<br \/>\n Excel intermedi\u00e1rio ao avan\u00e7ado;<br \/>\n Desej\u00e1vel ter trabalhado com o sistema ERP.<br \/>\nAlto volume de demanda;<\/p>\n<p>Atividades:<br \/>\nAtuar na lideran\u00e7a da equipe de assistentes junto com a Coordena\u00e7\u00e3o, orientando e cobrando resultados;<br \/>\nRespons\u00e1vel pela negocia\u00e7\u00e3o\/cota\u00e7\u00e3o,  visando o fechamento das aquisi\u00e7\u00f5es de produtos, servi\u00e7os e grandes projetos, buscando melhores valores e condi\u00e7\u00f5es de pagamento;<br \/>\nControlar, emitir e fechar ordens de compra;<br \/>\nControlar e emitir contratos via sistema e fazer acompanhamento da vig\u00eancia, al\u00e9m da entrada das notas fiscais desses respectivos contratos, enviando a nota para que o financeiro possa efetuar o devido pagamento;<br \/>\nRespons\u00e1vel pelo acompanhamento e atendimento junto aos assistentes no atendimento das demandas junto para os fechamentos de ordem de compras, gerenciamento de notas fiscais, a fim de encaminhar ao financeiro em tempo de efetuar o devido pagamento.<br \/>\nRespons\u00e1vel pelo desenvolvimento de fornecedores de materiais e servi\u00e7os, dentro dos procedimentos e conforme as normas ISO 9001:2015<\/p>\n<p>Perfil:<br \/>\n Boa flu\u00eancia verbal;<br \/>\n Proatividade;<br \/>\n Din\u00e2mico;<br \/>\n Organiza\u00e7\u00e3o;<br \/>\n Saber trabalhar em equipe;<br \/>\n Saber trabalhar sob press\u00e3o.<\/p>\n<p>Local de Trabalho: Rio de Janeiro &#8211; RJ<br \/>\nHor\u00e1rio: 07:30 \u00e0s 17:33 de segunda \u00e0 sexta<\/p>\n<p>Empresa Oferece:<br \/>\nSal\u00e1rio: \u00c0 Combinar<br \/>\nBenef\u00edcios: VT + Refei\u00e7\u00e3o no local + Plano de Sa\u00fade e Odontol\u00f3gico (ap\u00f3s per\u00edodo de experi\u00eancia), seguro de vida e aux\u00edlio funeral.<\/p>\n<ul>\n<li>Local de trabalho: Rio de Janeiro, RJ<\/li>\n<li>Regime de contrata\u00e7\u00e3o de tipo: Efetivo \u2013 CLT<\/li>\n<li>Jornada: Per\u00edodo Integral<\/li>\n<li>\u00c1rea e especializa\u00e7\u00e3o profissional: Compras &#8211; Compras<\/li>\n<li>N\u00edvel hier\u00e1rquico: Analista<\/li>\n<\/ul>\n<p>VALORIZADO<\/p>\n<p>Tempo de experi\u00eancia: Entre 3 e 5 anos<\/p>\n<p>Escolaridade M\u00ednima: Ensino Superior<\/p>\n<ul>\n<li>Refei\u00e7\u00e3o no local<\/li>\n<li>Seguro de Vida<\/li>\n<li>Vale-transporte<\/li>\n<li>Assist\u00eancia m\u00e9dica<\/li>\n<li>Assist\u00eancia odontol\u00f3gica<\/li>\n<\/ul>\n","protected":false},"excerpt":{"rendered":"<p>Pr\u00e9-Requisitos: Desej\u00e1vel estar cursando ou completo o ensino superior em Administra\u00e7\u00e3o ou \u00e1reas afins. Conhecimento intermedi\u00e1rio de pacote office; Excel intermedi\u00e1rio ao avan\u00e7ado; Desej\u00e1vel ter trabalhado com o sistema ERP. Alto volume de demanda; Atividades: Atuar na lideran\u00e7a da equipe de assistentes junto com a Coordena\u00e7\u00e3o, orientando e cobrando resultados; Respons\u00e1vel pela negocia\u00e7\u00e3o\/cota\u00e7\u00e3o, visando o [&hellip;]<\/p>\n","protected":false},"author":1,"featured_media":0,"comment_status":"open","ping_status":"open","sticky":false,"template":"","format":"standard","meta":{"footnotes":""},"categories":[21],"tags":[],"class_list":["post-6985","post","type-post","status-publish","format-standard","hentry","category-rio-de-janeiro-rj"],"_links":{"self":[{"href":"https:\/\/vagas.portalemprego.com.br\/index.php?rest_route=\/wp\/v2\/posts\/6985","targetHints":{"allow":["GET"]}}],"collection":[{"href":"https:\/\/vagas.portalemprego.com.br\/index.php?rest_route=\/wp\/v2\/posts"}],"about":[{"href":"https:\/\/vagas.portalemprego.com.br\/index.php?rest_route=\/wp\/v2\/types\/post"}],"author":[{"embeddable":true,"href":"https:\/\/vagas.portalemprego.com.br\/index.php?rest_route=\/wp\/v2\/users\/1"}],"replies":[{"embeddable":true,"href":"https:\/\/vagas.portalemprego.com.br\/index.php?rest_route=%2Fwp%2Fv2%2Fcomments&post=6985"}],"version-history":[{"count":0,"href":"https:\/\/vagas.portalemprego.com.br\/index.php?rest_route=\/wp\/v2\/posts\/6985\/revisions"}],"wp:attachment":[{"href":"https:\/\/vagas.portalemprego.com.br\/index.php?rest_route=%2Fwp%2Fv2%2Fmedia&parent=6985"}],"wp:term":[{"taxonomy":"category","embeddable":true,"href":"https:\/\/vagas.portalemprego.com.br\/index.php?rest_route=%2Fwp%2Fv2%2Fcategories&post=6985"},{"taxonomy":"post_tag","embeddable":true,"href":"https:\/\/vagas.portalemprego.com.br\/index.php?rest_route=%2Fwp%2Fv2%2Ftags&post=6985"}],"curies":[{"name":"wp","href":"https:\/\/api.w.org\/{rel}","templated":true}]}}