{"id":6986,"date":"2026-04-29T06:24:24","date_gmt":"2026-04-29T09:24:24","guid":{"rendered":"https:\/\/vagas.portalemprego.com.br\/?p=6986"},"modified":"2026-04-29T06:24:24","modified_gmt":"2026-04-29T09:24:24","slug":"copeiro-hospitalar-saude-rio-de-janeiro","status":"publish","type":"post","link":"https:\/\/vagas.portalemprego.com.br\/?p=6986","title":{"rendered":"COPEIRO HOSPITALAR &#8211; Sa\u00fade &#8211; Rio de Janeiro"},"content":{"rendered":"<p>\u2022\tDistribuir as refei\u00e7\u00f5es aos pacientes e acompanhantes seguindo os hor\u00e1rios pr\u00e9-determinados, e efetuar o recolhimento dos utens\u00edlios 1 hora ap\u00f3s a entrega da bandeja de refei\u00e7\u00e3o;<br \/>\n\u2022\tExecutar a higieniza\u00e7\u00e3o e desinfec\u00e7\u00e3o dos equipamentos, materiais e utens\u00edlios de trabalho, guardando-os em locais apropriados, de acordo com o Manual de Boas Pr\u00e1ticas;<br \/>\n\u2022\tIdentificar, acondicionar e distribuir as refei\u00e7\u00f5es destinadas a pacientes e desjejum dos acompanhantes nas copas dos andares;<br \/>\n\u2022\tPreparar local, material e alimento para composi\u00e7\u00e3o das refei\u00e7\u00f5es dos clientes internos e externos;<br \/>\n\u2022\tGarantir a boa apresenta\u00e7\u00e3o, atrav\u00e9s do cuidado com a higiene pessoal e uniforme;<br \/>\n\u2022\tRecolher as bandejas e os utens\u00edlios usados na distribui\u00e7\u00e3o das refei\u00e7\u00f5es e efetuar a higieniza\u00e7\u00e3o dos mesmos;<br \/>\n\u2022\tManter controle e cuidado sobre o material e equipamentos da copa;<br \/>\n\u2022\tOrganizar e ensacar os talheres e utens\u00edlios para servir as refei\u00e7\u00f5es;<br \/>\n\u2022\tManter a copa ou \u00e1rea de trabalho organizada, de acordo com os procedimentos descritos em manual de boas pr\u00e1ticas;<br \/>\n\u2022\tPreparar o carro para a distribui\u00e7\u00e3o das refei\u00e7\u00f5es nas unidades, verificando etiquetas de identifica\u00e7\u00e3o das baixelas de refei\u00e7\u00f5es, seguindo os crit\u00e9rios determinados;<br \/>\n\u2022\tFazer a retirada de amostras dos alimentos, monitorar a temperatura das rampas e alimentos e retirar as garrafas de caf\u00e9 para fins de higieniza\u00e7\u00e3o;<br \/>\n\u2022\tPreparar sobremesas, sucos, vitaminas, mingau, conforme o card\u00e1pio.<\/p>\n<ul>\n<li>N\u00famero de vagas: 2<\/li>\n<li>Local de trabalho: Rio de Janeiro, RJ<\/li>\n<li>Regime de contrata\u00e7\u00e3o de tipo: Efetivo \u2013 CLT<\/li>\n<li>Jornada: Per\u00edodo Integral<\/li>\n<li>\u00c1rea e especializa\u00e7\u00e3o profissional: Sa\u00fade &#8211; Nutri\u00e7\u00e3o<\/li>\n<li>N\u00edvel hier\u00e1rquico: Operacional<\/li>\n<\/ul>\n<p>Escolaridade M\u00ednima: Ensino M\u00e9dio (2\u00ba Grau)<\/p>\n<ul>\n<li>SEGURO DE VIDA<\/li>\n<li>ASSISTENCIA FUNERAL<\/li>\n<li>CONVENIO SESC<\/li>\n<li>GYMPASS<\/li>\n<li>ASSITENCIA ODONTOLOGICA<\/li>\n<li>ASSISTENCIA MEDICA<\/li>\n<li>VA<\/li>\n<li>VT<\/li>\n<\/ul>\n<p>Sal\u00e1rio: 1858,0<\/p>\n","protected":false},"excerpt":{"rendered":"<p>\u2022 Distribuir as refei\u00e7\u00f5es aos pacientes e acompanhantes seguindo os hor\u00e1rios pr\u00e9-determinados, e efetuar o recolhimento dos utens\u00edlios 1 hora ap\u00f3s a entrega da bandeja de refei\u00e7\u00e3o; \u2022 Executar a higieniza\u00e7\u00e3o e desinfec\u00e7\u00e3o dos equipamentos, materiais e utens\u00edlios de trabalho, guardando-os em locais apropriados, de acordo com o Manual de Boas Pr\u00e1ticas; \u2022 Identificar, acondicionar [&hellip;]<\/p>\n","protected":false},"author":1,"featured_media":0,"comment_status":"open","ping_status":"open","sticky":false,"template":"","format":"standard","meta":{"footnotes":""},"categories":[21],"tags":[],"class_list":["post-6986","post","type-post","status-publish","format-standard","hentry","category-rio-de-janeiro-rj"],"_links":{"self":[{"href":"https:\/\/vagas.portalemprego.com.br\/index.php?rest_route=\/wp\/v2\/posts\/6986","targetHints":{"allow":["GET"]}}],"collection":[{"href":"https:\/\/vagas.portalemprego.com.br\/index.php?rest_route=\/wp\/v2\/posts"}],"about":[{"href":"https:\/\/vagas.portalemprego.com.br\/index.php?rest_route=\/wp\/v2\/types\/post"}],"author":[{"embeddable":true,"href":"https:\/\/vagas.portalemprego.com.br\/index.php?rest_route=\/wp\/v2\/users\/1"}],"replies":[{"embeddable":true,"href":"https:\/\/vagas.portalemprego.com.br\/index.php?rest_route=%2Fwp%2Fv2%2Fcomments&post=6986"}],"version-history":[{"count":0,"href":"https:\/\/vagas.portalemprego.com.br\/index.php?rest_route=\/wp\/v2\/posts\/6986\/revisions"}],"wp:attachment":[{"href":"https:\/\/vagas.portalemprego.com.br\/index.php?rest_route=%2Fwp%2Fv2%2Fmedia&parent=6986"}],"wp:term":[{"taxonomy":"category","embeddable":true,"href":"https:\/\/vagas.portalemprego.com.br\/index.php?rest_route=%2Fwp%2Fv2%2Fcategories&post=6986"},{"taxonomy":"post_tag","embeddable":true,"href":"https:\/\/vagas.portalemprego.com.br\/index.php?rest_route=%2Fwp%2Fv2%2Ftags&post=6986"}],"curies":[{"name":"wp","href":"https:\/\/api.w.org\/{rel}","templated":true}]}}