{"id":6988,"date":"2026-04-29T06:24:24","date_gmt":"2026-04-29T09:24:24","guid":{"rendered":"https:\/\/vagas.portalemprego.com.br\/?p=6988"},"modified":"2026-04-29T06:24:24","modified_gmt":"2026-04-29T09:24:24","slug":"operador-de-atendimento-banco-de-talentos-administracao-rio-de-janeiro","status":"publish","type":"post","link":"https:\/\/vagas.portalemprego.com.br\/?p=6988","title":{"rendered":"Operador de Atendimento &#8211; Banco de Talentos &#8211; Administra\u00e7\u00e3o &#8211; Rio de Janeiro"},"content":{"rendered":"<p>Estimado(a) Candidato(a),<\/p>\n<p>N\u00f3s da REDE SANTA CATARINA estamos \u00e0 procura de um Operador de Atendimento para juntar-se \u00e0 nossa equipe.<br \/>\nA sua experi\u00eancia e habilidades despertaram o nosso interesse e acreditamos que ser\u00e1 um excelente candidato para este cargo.<\/p>\n<p>As suas principais responsabilidades incluir\u00e3o:<\/p>\n<p>\u2022 Realizar atendimento telef\u00f4nico de forma cort\u00eas e educada, seguindo a rotina definida;<br \/>\n\u2022 Realizar agendamentos de exames, consultas ou procedimentos em sistema, informando-o sobre os preparos e burocracias necess\u00e1rias para os mesmos, bem como encaminhar estes para o cliente pelos meios definidos;<br \/>\n\u2022 Encaminhar para setor de autoriza\u00e7\u00e3o os procedimentos necess\u00e1rios para tal;<br \/>\n\u2022 Solucionar d\u00favidas, prestar informa\u00e7\u00f5es e receber reclama\u00e7\u00f5es via telefone, conforme demanda dos clientes;<br \/>\n\u2022 Registrar as informa\u00e7\u00f5es referente ao atendimento telef\u00f4nico, conforme rotina definida;<br \/>\n\u2022 Realizar liga\u00e7\u00f5es de forma ativa com objetivos definidos pela gest\u00e3o e rotina do setor.<br \/>\nHor\u00e1rio: Escala 6&#215;1 &#8211; 14h \u00e0s 20h.<\/p>\n<p>Para ser bem-sucedido neste papel, precisamos que voc\u00ea tenha:<br \/>\n&#8211; Conhecimento e organiza\u00e7\u00e3o de agenda;<br \/>\n&#8211; Necess\u00e1rio experi\u00eancia com agendamento de exames de imagem e autoriza\u00e7\u00e3o de conv\u00eanios;<br \/>\n&#8211; Excelente Portugu\u00eas<br \/>\n&#8211; Boa capacidade de Comunica\u00e7\u00e3o oral e escrita<\/p>\n<ul>\n<li>N\u00famero de vagas: 3<\/li>\n<li>Local de trabalho: Rio de Janeiro, RJ<\/li>\n<li>Regime de contrata\u00e7\u00e3o de tipo: Efetivo \u2013 CLT<\/li>\n<li>Jornada: Parcial tardes<\/li>\n<li>\u00c1rea e especializa\u00e7\u00e3o profissional: Administra\u00e7\u00e3o &#8211; Recep\u00e7\u00e3o<\/li>\n<li>N\u00edvel hier\u00e1rquico: Auxiliar<\/li>\n<\/ul>\n<p>VALORIZADO<\/p>\n<p>Tempo de experi\u00eancia: Menos de 1 ano<\/p>\n<p>HABILIDADES<\/p>\n<ul>\n<li>Relacionamento Interpessoal<\/li>\n<li>Foco no Cliente<\/li>\n<li>Boa capacidade de Comunica\u00e7\u00e3o oral e escrita<\/li>\n<li>Excelente Portugu\u00eas<\/li>\n<li>Conhecimento com autoriza\u00e7\u00e3o de conv\u00eanios.<\/li>\n<li>Conhecimento de agendamento de exames de imagem;<\/li>\n<li>CONHECIMENTO E ORGANIZA\u00c7\u00c3O DE AGENDA<\/li>\n<li>Iniciativa<\/li>\n<\/ul>\n<p>Escolaridade M\u00ednima: Ensino M\u00e9dio (2\u00ba Grau)<\/p>\n<ul>\n<li>ASSISTENCIA FUNERAL<\/li>\n<li>Seguro de Vida<\/li>\n<li>GYMPASS<\/li>\n<li>Assist\u00eancia odontol\u00f3gica<\/li>\n<li>Assist\u00eancia m\u00e9dica<\/li>\n<li>VA<\/li>\n<li>VT<\/li>\n<\/ul>\n","protected":false},"excerpt":{"rendered":"<p>Estimado(a) Candidato(a), N\u00f3s da REDE SANTA CATARINA estamos \u00e0 procura de um Operador de Atendimento para juntar-se \u00e0 nossa equipe. A sua experi\u00eancia e habilidades despertaram o nosso interesse e acreditamos que ser\u00e1 um excelente candidato para este cargo. As suas principais responsabilidades incluir\u00e3o: \u2022 Realizar atendimento telef\u00f4nico de forma cort\u00eas e educada, seguindo a [&hellip;]<\/p>\n","protected":false},"author":1,"featured_media":0,"comment_status":"open","ping_status":"open","sticky":false,"template":"","format":"standard","meta":{"footnotes":""},"categories":[21],"tags":[],"class_list":["post-6988","post","type-post","status-publish","format-standard","hentry","category-rio-de-janeiro-rj"],"_links":{"self":[{"href":"https:\/\/vagas.portalemprego.com.br\/index.php?rest_route=\/wp\/v2\/posts\/6988","targetHints":{"allow":["GET"]}}],"collection":[{"href":"https:\/\/vagas.portalemprego.com.br\/index.php?rest_route=\/wp\/v2\/posts"}],"about":[{"href":"https:\/\/vagas.portalemprego.com.br\/index.php?rest_route=\/wp\/v2\/types\/post"}],"author":[{"embeddable":true,"href":"https:\/\/vagas.portalemprego.com.br\/index.php?rest_route=\/wp\/v2\/users\/1"}],"replies":[{"embeddable":true,"href":"https:\/\/vagas.portalemprego.com.br\/index.php?rest_route=%2Fwp%2Fv2%2Fcomments&post=6988"}],"version-history":[{"count":0,"href":"https:\/\/vagas.portalemprego.com.br\/index.php?rest_route=\/wp\/v2\/posts\/6988\/revisions"}],"wp:attachment":[{"href":"https:\/\/vagas.portalemprego.com.br\/index.php?rest_route=%2Fwp%2Fv2%2Fmedia&parent=6988"}],"wp:term":[{"taxonomy":"category","embeddable":true,"href":"https:\/\/vagas.portalemprego.com.br\/index.php?rest_route=%2Fwp%2Fv2%2Fcategories&post=6988"},{"taxonomy":"post_tag","embeddable":true,"href":"https:\/\/vagas.portalemprego.com.br\/index.php?rest_route=%2Fwp%2Fv2%2Ftags&post=6988"}],"curies":[{"name":"wp","href":"https:\/\/api.w.org\/{rel}","templated":true}]}}