{"id":6992,"date":"2026-04-29T06:24:24","date_gmt":"2026-04-29T09:24:24","guid":{"rendered":"https:\/\/vagas.portalemprego.com.br\/?p=6992"},"modified":"2026-04-29T06:24:24","modified_gmt":"2026-04-29T09:24:24","slug":"engenheiro-mecanico-de-frota-de-empilhadeiras-administracao-rio-de-janeiro","status":"publish","type":"post","link":"https:\/\/vagas.portalemprego.com.br\/?p=6992","title":{"rendered":"Engenheiro Mec\u00e2nico de Frota de empilhadeiras &#8211; Administra\u00e7\u00e3o &#8211; Rio de Janeiro"},"content":{"rendered":"<p>Descri\u00e7\u00e3o da fun\u00e7\u00e3o:<\/p>\n<p>Supervis\u00e3o da cadeia log\u00edstica atrelada a opera\u00e7\u00e3o,  garantindo a execu\u00e7\u00e3o de todos os processos atrelados ao recebimento, armazenagem e expedi\u00e7\u00e3o de mercadorias de forma eficaz.<\/p>\n<p>IMPRESCIND\u00cdVEL SER ENGENHEIRO MEC\u00c2NICO<\/p>\n<p>Principais Frentes de Atua\u00e7\u00e3o:<\/p>\n<p>manuten\u00e7\u00e3o da frota dos carros;<br \/>\nfinanceiro e administrativo;<br \/>\nrotas de transporte;<br \/>\nequipes;<br \/>\ncontrole de combust\u00edvel da frota.<\/p>\n<p>Experi\u00eancia pr\u00e9via em fun\u00e7\u00f5es de supervis\u00e3o ou gest\u00e3o de equipe;<br \/>\nConhecimento s\u00f3lido de processos operacionais;<br \/>\nProatividade para implementa\u00e7\u00e3o de novos processos;<br \/>\nDesejo por inovar e implementar boas e novas pr\u00e1ticas;<br \/>\nHabilidades de comunica\u00e7\u00e3o e lideran\u00e7a eficazes;<br \/>\nCapacidade de tomar decis\u00f5es r\u00e1pidas e assertivas em situa\u00e7\u00f5es de press\u00e3o;<br \/>\nFoco em resultados e orienta\u00e7\u00e3o para a resolu\u00e7\u00e3o de problemas;<\/p>\n<ul>\n<li>N\u00famero de vagas: 2<\/li>\n<li>Local de trabalho: Rio de Janeiro, RJ<\/li>\n<li>Regime de contrata\u00e7\u00e3o de tipo: Efetivo \u2013 CLT<\/li>\n<li>Jornada: Per\u00edodo Integral<\/li>\n<li>\u00c1rea e especializa\u00e7\u00e3o profissional: Administra\u00e7\u00e3o &#8211; Administra\u00e7\u00e3o Geral<\/li>\n<li>N\u00edvel hier\u00e1rquico: Supervisor<\/li>\n<\/ul>\n<p>VALORIZADO<\/p>\n<p>Tempo de experi\u00eancia: Entre 1 e 3 anos<\/p>\n<p>HABILIDADES<\/p>\n<ul>\n<li>Estrat\u00e9gico<\/li>\n<li>Inovador<\/li>\n<li>Resiliente<\/li>\n<li>Foco em metas e resultados<\/li>\n<li>Vis\u00e3o de neg\u00f3cios<\/li>\n<\/ul>\n<p>Escolaridade M\u00ednima: Ensino Superior<\/p>\n<p>Forma\u00e7\u00e3o desejada:<\/p>\n<ul>\n<li>Engenharia el\u00e9trica, Ensino Superior<\/li>\n<li>Automa\u00e7\u00e3o industrial, Ensino Superior<\/li>\n<\/ul>\n<p>Habilita\u00e7\u00e3o para dirigir: B<\/p>\n<ul>\n<li>plano de sa\u00fade<\/li>\n<li>vale transporte<\/li>\n<li>Alimenta\u00e7\u00e3o no Local<\/li>\n<li>Cesta b\u00e1sica<\/li>\n<\/ul>\n","protected":false},"excerpt":{"rendered":"<p>Descri\u00e7\u00e3o da fun\u00e7\u00e3o: Supervis\u00e3o da cadeia log\u00edstica atrelada a opera\u00e7\u00e3o, garantindo a execu\u00e7\u00e3o de todos os processos atrelados ao recebimento, armazenagem e expedi\u00e7\u00e3o de mercadorias de forma eficaz. IMPRESCIND\u00cdVEL SER ENGENHEIRO MEC\u00c2NICO Principais Frentes de Atua\u00e7\u00e3o: manuten\u00e7\u00e3o da frota dos carros; financeiro e administrativo; rotas de transporte; equipes; controle de combust\u00edvel da frota. Experi\u00eancia pr\u00e9via [&hellip;]<\/p>\n","protected":false},"author":1,"featured_media":0,"comment_status":"open","ping_status":"open","sticky":false,"template":"","format":"standard","meta":{"footnotes":""},"categories":[21],"tags":[],"class_list":["post-6992","post","type-post","status-publish","format-standard","hentry","category-rio-de-janeiro-rj"],"_links":{"self":[{"href":"https:\/\/vagas.portalemprego.com.br\/index.php?rest_route=\/wp\/v2\/posts\/6992","targetHints":{"allow":["GET"]}}],"collection":[{"href":"https:\/\/vagas.portalemprego.com.br\/index.php?rest_route=\/wp\/v2\/posts"}],"about":[{"href":"https:\/\/vagas.portalemprego.com.br\/index.php?rest_route=\/wp\/v2\/types\/post"}],"author":[{"embeddable":true,"href":"https:\/\/vagas.portalemprego.com.br\/index.php?rest_route=\/wp\/v2\/users\/1"}],"replies":[{"embeddable":true,"href":"https:\/\/vagas.portalemprego.com.br\/index.php?rest_route=%2Fwp%2Fv2%2Fcomments&post=6992"}],"version-history":[{"count":0,"href":"https:\/\/vagas.portalemprego.com.br\/index.php?rest_route=\/wp\/v2\/posts\/6992\/revisions"}],"wp:attachment":[{"href":"https:\/\/vagas.portalemprego.com.br\/index.php?rest_route=%2Fwp%2Fv2%2Fmedia&parent=6992"}],"wp:term":[{"taxonomy":"category","embeddable":true,"href":"https:\/\/vagas.portalemprego.com.br\/index.php?rest_route=%2Fwp%2Fv2%2Fcategories&post=6992"},{"taxonomy":"post_tag","embeddable":true,"href":"https:\/\/vagas.portalemprego.com.br\/index.php?rest_route=%2Fwp%2Fv2%2Ftags&post=6992"}],"curies":[{"name":"wp","href":"https:\/\/api.w.org\/{rel}","templated":true}]}}