{"id":6997,"date":"2026-04-29T06:24:24","date_gmt":"2026-04-29T09:24:24","guid":{"rendered":"https:\/\/vagas.portalemprego.com.br\/?p=6997"},"modified":"2026-04-29T06:24:24","modified_gmt":"2026-04-29T09:24:24","slug":"vendedor-de-caminhoes-comercial-vendas-rio-de-janeiro","status":"publish","type":"post","link":"https:\/\/vagas.portalemprego.com.br\/?p=6997","title":{"rendered":"Vendedor de Caminh\u00f5es &#8211; Comercial, Vendas &#8211; Rio de Janeiro"},"content":{"rendered":"<p>Responsabilidades e atribui\u00e7\u00f5es:<br \/>\nProfissional respons\u00e1vel pela venda de Ve\u00edculos Pesados &#8211; seminovos.<br \/>\nProspec\u00e7\u00e3o de novos clientes;<br \/>\nReten\u00e7\u00e3o e prospec\u00e7\u00e3o atrav\u00e9s do CRM;<br \/>\nVendas de caminh\u00f5es e \u00f4nibus, implementos, m\u00e1quinas agr\u00edcolas e m\u00e1quinas de linha amarela.<\/p>\n<p>Requisitos e qualifica\u00e7\u00f5es:<br \/>\nEnsino m\u00e9dio completo;<br \/>\nConhecimento b\u00e1sico em inform\u00e1tica e pacote Office;<br \/>\nDesej\u00e1vel experi\u00eancia com venda de ve\u00edculos leves e\/ou pesados;<br \/>\nDisponibilidade para atuar presencial;<br \/>\nResidir no Rio de Janeiro, com f\u00e1cil acesso a regi\u00e3o da Pavuna.<\/p>\n<ul>\n<li>Local de trabalho: Rio de Janeiro, RJ<\/li>\n<li>Regime de contrata\u00e7\u00e3o de tipo: Efetivo \u2013 CLT<\/li>\n<li>Jornada: Per\u00edodo Integral<\/li>\n<li>\u00c1rea e especializa\u00e7\u00e3o profissional: Comercial, Vendas &#8211; Venda Externa<\/li>\n<li>N\u00edvel hier\u00e1rquico: Especialista<\/li>\n<\/ul>\n<p>VALORIZADO<\/p>\n<p>Tempo de experi\u00eancia: Entre 5 e 10 anos<\/p>\n<p>Escolaridade M\u00ednima: Ensino M\u00e9dio (2\u00ba Grau)<\/p>\n<p>Habilita\u00e7\u00e3o para dirigir: D, B<\/p>\n","protected":false},"excerpt":{"rendered":"<p>Responsabilidades e atribui\u00e7\u00f5es: Profissional respons\u00e1vel pela venda de Ve\u00edculos Pesados &#8211; seminovos. Prospec\u00e7\u00e3o de novos clientes; Reten\u00e7\u00e3o e prospec\u00e7\u00e3o atrav\u00e9s do CRM; Vendas de caminh\u00f5es e \u00f4nibus, implementos, m\u00e1quinas agr\u00edcolas e m\u00e1quinas de linha amarela. Requisitos e qualifica\u00e7\u00f5es: Ensino m\u00e9dio completo; Conhecimento b\u00e1sico em inform\u00e1tica e pacote Office; Desej\u00e1vel experi\u00eancia com venda de ve\u00edculos leves [&hellip;]<\/p>\n","protected":false},"author":1,"featured_media":0,"comment_status":"open","ping_status":"open","sticky":false,"template":"","format":"standard","meta":{"footnotes":""},"categories":[21],"tags":[],"class_list":["post-6997","post","type-post","status-publish","format-standard","hentry","category-rio-de-janeiro-rj"],"_links":{"self":[{"href":"https:\/\/vagas.portalemprego.com.br\/index.php?rest_route=\/wp\/v2\/posts\/6997","targetHints":{"allow":["GET"]}}],"collection":[{"href":"https:\/\/vagas.portalemprego.com.br\/index.php?rest_route=\/wp\/v2\/posts"}],"about":[{"href":"https:\/\/vagas.portalemprego.com.br\/index.php?rest_route=\/wp\/v2\/types\/post"}],"author":[{"embeddable":true,"href":"https:\/\/vagas.portalemprego.com.br\/index.php?rest_route=\/wp\/v2\/users\/1"}],"replies":[{"embeddable":true,"href":"https:\/\/vagas.portalemprego.com.br\/index.php?rest_route=%2Fwp%2Fv2%2Fcomments&post=6997"}],"version-history":[{"count":0,"href":"https:\/\/vagas.portalemprego.com.br\/index.php?rest_route=\/wp\/v2\/posts\/6997\/revisions"}],"wp:attachment":[{"href":"https:\/\/vagas.portalemprego.com.br\/index.php?rest_route=%2Fwp%2Fv2%2Fmedia&parent=6997"}],"wp:term":[{"taxonomy":"category","embeddable":true,"href":"https:\/\/vagas.portalemprego.com.br\/index.php?rest_route=%2Fwp%2Fv2%2Fcategories&post=6997"},{"taxonomy":"post_tag","embeddable":true,"href":"https:\/\/vagas.portalemprego.com.br\/index.php?rest_route=%2Fwp%2Fv2%2Ftags&post=6997"}],"curies":[{"name":"wp","href":"https:\/\/api.w.org\/{rel}","templated":true}]}}