{"id":6998,"date":"2026-04-29T06:24:24","date_gmt":"2026-04-29T09:24:24","guid":{"rendered":"https:\/\/vagas.portalemprego.com.br\/?p=6998"},"modified":"2026-04-29T06:24:24","modified_gmt":"2026-04-29T09:24:24","slug":"estagio-em-ti-informatica-ti-telecomunicacoes-rio-de-janeiro-2","status":"publish","type":"post","link":"https:\/\/vagas.portalemprego.com.br\/?p=6998","title":{"rendered":"Est\u00e1gio em TI &#8211; Inform\u00e1tica, TI, Telecomunica\u00e7\u00f5es &#8211; Rio de Janeiro"},"content":{"rendered":"<p>Estimado(a) candidato(a),<\/p>\n<p>N\u00f3s estamos animados em estender uma oferta de est\u00e1gio em TI para voc\u00ea.<br \/>\nNesta oportunidade, voc\u00ea ter\u00e1 a chance de trabalhar com uma equipe dedicada e experiente, colaborando em projetos desafiadores e aprendendo com profissionais qualificados.<\/p>\n<p>Durante o est\u00e1gio, voc\u00ea ser\u00e1 respons\u00e1vel por:<\/p>\n<p>&#8211; Fornecer suporte em nossa equipe de TI em tarefas di\u00e1rias.<br \/>\n&#8211; Ajudar a testar e implementar novas tecnologias.<br \/>\n&#8211; Colaborar em projetos especiais, fornecendo an\u00e1lises e insights.<br \/>\n&#8211; Aprender e aplicar conceitos de TI em um ambiente profissional.<\/p>\n<p>Requisitos:<\/p>\n<p>&#8211; Estudante atual de um curso de TI ou \u00e1reas relacionadas.<br \/>\n&#8211; Conhecimento b\u00e1sico em sistemas operacionais, redes e bancos de dados.<br \/>\n&#8211; Familiaridade com ferramentas de desenvolvimento e depura\u00e7\u00e3o.<br \/>\n&#8211; Boas habilidades de comunica\u00e7\u00e3o e trabalho em equipe.<br \/>\n&#8211; Capacidade de aprender rapidamente e se adaptar a novas tecnologias.<\/p>\n<p>O que oferecemos:<\/p>\n<p>-Bolsa aux\u00edlio compat\u00edvel com o mercado.<br \/>\n-Vale transporte.<br \/>\n&#8211; Vale refei\u00e7\u00e3o.<br \/>\n-Oportunidade de aprendizado.<br \/>\n-Ambiente de trabalho estimulante e colaborativo.<\/p>\n<p>O est\u00e1gio ser\u00e1 remunerado e ter\u00e1 dura\u00e7\u00e3o de seis meses, com a possibilidade de extens\u00e3o.<\/p>\n<p>Agradecemos sua considera\u00e7\u00e3o e esperamos ter voc\u00ea no time.<\/p>\n<p>Melhores cumprimentos,<\/p>\n<p>Equipe de Recrutamento.<\/p>\n<ul>\n<li>Local de trabalho: Rio de Janeiro, RJ<\/li>\n<li>Regime de contrata\u00e7\u00e3o de tipo: Est\u00e1gio<\/li>\n<li>Jornada: Per\u00edodo Integral<\/li>\n<li>\u00c1rea e especializa\u00e7\u00e3o profissional: Inform\u00e1tica, TI, Telecomunica\u00e7\u00f5es &#8211; TI<\/li>\n<li>N\u00edvel hier\u00e1rquico: Estagi\u00e1rio<\/li>\n<\/ul>\n<p>Escolaridade M\u00ednima: Ensino M\u00e9dio (2\u00ba Grau)<\/p>\n<p>Sal\u00e1rio: 1000,0<\/p>\n","protected":false},"excerpt":{"rendered":"<p>Estimado(a) candidato(a), N\u00f3s estamos animados em estender uma oferta de est\u00e1gio em TI para voc\u00ea. Nesta oportunidade, voc\u00ea ter\u00e1 a chance de trabalhar com uma equipe dedicada e experiente, colaborando em projetos desafiadores e aprendendo com profissionais qualificados. Durante o est\u00e1gio, voc\u00ea ser\u00e1 respons\u00e1vel por: &#8211; Fornecer suporte em nossa equipe de TI em tarefas [&hellip;]<\/p>\n","protected":false},"author":1,"featured_media":0,"comment_status":"open","ping_status":"open","sticky":false,"template":"","format":"standard","meta":{"footnotes":""},"categories":[21],"tags":[],"class_list":["post-6998","post","type-post","status-publish","format-standard","hentry","category-rio-de-janeiro-rj"],"_links":{"self":[{"href":"https:\/\/vagas.portalemprego.com.br\/index.php?rest_route=\/wp\/v2\/posts\/6998","targetHints":{"allow":["GET"]}}],"collection":[{"href":"https:\/\/vagas.portalemprego.com.br\/index.php?rest_route=\/wp\/v2\/posts"}],"about":[{"href":"https:\/\/vagas.portalemprego.com.br\/index.php?rest_route=\/wp\/v2\/types\/post"}],"author":[{"embeddable":true,"href":"https:\/\/vagas.portalemprego.com.br\/index.php?rest_route=\/wp\/v2\/users\/1"}],"replies":[{"embeddable":true,"href":"https:\/\/vagas.portalemprego.com.br\/index.php?rest_route=%2Fwp%2Fv2%2Fcomments&post=6998"}],"version-history":[{"count":0,"href":"https:\/\/vagas.portalemprego.com.br\/index.php?rest_route=\/wp\/v2\/posts\/6998\/revisions"}],"wp:attachment":[{"href":"https:\/\/vagas.portalemprego.com.br\/index.php?rest_route=%2Fwp%2Fv2%2Fmedia&parent=6998"}],"wp:term":[{"taxonomy":"category","embeddable":true,"href":"https:\/\/vagas.portalemprego.com.br\/index.php?rest_route=%2Fwp%2Fv2%2Fcategories&post=6998"},{"taxonomy":"post_tag","embeddable":true,"href":"https:\/\/vagas.portalemprego.com.br\/index.php?rest_route=%2Fwp%2Fv2%2Ftags&post=6998"}],"curies":[{"name":"wp","href":"https:\/\/api.w.org\/{rel}","templated":true}]}}