{"id":6999,"date":"2026-04-29T06:24:24","date_gmt":"2026-04-29T09:24:24","guid":{"rendered":"https:\/\/vagas.portalemprego.com.br\/?p=6999"},"modified":"2026-04-29T06:24:24","modified_gmt":"2026-04-29T09:24:24","slug":"auxiliar-de-administrativo-administracao-nova-iguacu","status":"publish","type":"post","link":"https:\/\/vagas.portalemprego.com.br\/?p=6999","title":{"rendered":"Auxiliar de Administrativo &#8211; Administra\u00e7\u00e3o &#8211; Nova Igua\u00e7u"},"content":{"rendered":"<p>Atividades:<br \/>\nAtendimento ao associado via liga\u00e7\u00e3o telef\u00f4nica, e-mail e WhatsApp, conferencia de documentos, acompanhamento junto ao associado do status do evento, preenchimento e controle de planilhas em Excel, recep\u00e7\u00e3o e envio de notas ficais. \u00a0<\/p>\n<p>Perfil Comportamental:<br \/>\nOrganiza\u00e7\u00e3o, Proatividade, Senso de urg\u00eancia, dinamismo, boa flu\u00eancia verbal, comprometimento e responsabilidade.<\/p>\n<p>Perfil t\u00e9cnico:<br \/>\nPacote Office \u2013 N\u00edvel: B\u00e1sico<br \/>\nConhecimentos dos sistemas (SGA e CRM)<br \/>\nCursando Superior em Administra\u00e7\u00e3o<\/p>\n<p>Hor\u00e1rio:<br \/>\nSegunda a S\u00e1bado. <\/p>\n<p>Auxilio transporte<br \/>\nAuxilio Alimenta\u00e7\u00e3o<br \/>\nPlano de Sa\u00fade<br \/>\nDay off<\/p>\n<ul>\n<li>N\u00famero de vagas: 2<\/li>\n<li>Local de trabalho: Nova Igua\u00e7u, RJ<\/li>\n<li>Regime de contrata\u00e7\u00e3o de tipo: Efetivo \u2013 CLT<\/li>\n<li>Jornada: Per\u00edodo Integral<\/li>\n<li>\u00c1rea e especializa\u00e7\u00e3o profissional: Administra\u00e7\u00e3o &#8211; Administra\u00e7\u00e3o Geral<\/li>\n<li>N\u00edvel hier\u00e1rquico: Auxiliar<\/li>\n<\/ul>\n<p>Escolaridade M\u00ednima: Ensino Superior<\/p>\n<p>Sal\u00e1rio: 18000,0<\/p>\n","protected":false},"excerpt":{"rendered":"<p>Atividades: Atendimento ao associado via liga\u00e7\u00e3o telef\u00f4nica, e-mail e WhatsApp, conferencia de documentos, acompanhamento junto ao associado do status do evento, preenchimento e controle de planilhas em Excel, recep\u00e7\u00e3o e envio de notas ficais. \u00a0 Perfil Comportamental: Organiza\u00e7\u00e3o, Proatividade, Senso de urg\u00eancia, dinamismo, boa flu\u00eancia verbal, comprometimento e responsabilidade. Perfil t\u00e9cnico: Pacote Office \u2013 N\u00edvel: [&hellip;]<\/p>\n","protected":false},"author":1,"featured_media":0,"comment_status":"open","ping_status":"open","sticky":false,"template":"","format":"standard","meta":{"footnotes":""},"categories":[21],"tags":[],"class_list":["post-6999","post","type-post","status-publish","format-standard","hentry","category-rio-de-janeiro-rj"],"_links":{"self":[{"href":"https:\/\/vagas.portalemprego.com.br\/index.php?rest_route=\/wp\/v2\/posts\/6999","targetHints":{"allow":["GET"]}}],"collection":[{"href":"https:\/\/vagas.portalemprego.com.br\/index.php?rest_route=\/wp\/v2\/posts"}],"about":[{"href":"https:\/\/vagas.portalemprego.com.br\/index.php?rest_route=\/wp\/v2\/types\/post"}],"author":[{"embeddable":true,"href":"https:\/\/vagas.portalemprego.com.br\/index.php?rest_route=\/wp\/v2\/users\/1"}],"replies":[{"embeddable":true,"href":"https:\/\/vagas.portalemprego.com.br\/index.php?rest_route=%2Fwp%2Fv2%2Fcomments&post=6999"}],"version-history":[{"count":0,"href":"https:\/\/vagas.portalemprego.com.br\/index.php?rest_route=\/wp\/v2\/posts\/6999\/revisions"}],"wp:attachment":[{"href":"https:\/\/vagas.portalemprego.com.br\/index.php?rest_route=%2Fwp%2Fv2%2Fmedia&parent=6999"}],"wp:term":[{"taxonomy":"category","embeddable":true,"href":"https:\/\/vagas.portalemprego.com.br\/index.php?rest_route=%2Fwp%2Fv2%2Fcategories&post=6999"},{"taxonomy":"post_tag","embeddable":true,"href":"https:\/\/vagas.portalemprego.com.br\/index.php?rest_route=%2Fwp%2Fv2%2Ftags&post=6999"}],"curies":[{"name":"wp","href":"https:\/\/api.w.org\/{rel}","templated":true}]}}