{"id":7000,"date":"2026-04-29T06:24:24","date_gmt":"2026-04-29T09:24:24","guid":{"rendered":"https:\/\/vagas.portalemprego.com.br\/?p=7000"},"modified":"2026-04-29T06:24:24","modified_gmt":"2026-04-29T09:24:24","slug":"auxiliar-de-limpeza-servicos-gerais-rio-de-janeiro-21","status":"publish","type":"post","link":"https:\/\/vagas.portalemprego.com.br\/?p=7000","title":{"rendered":"Auxiliar de Limpeza &#8211; Servi\u00e7os Gerais &#8211; Rio de Janeiro"},"content":{"rendered":"<p>Miss\u00e3o\u00a0\u00a0<\/p>\n<p>O Auxiliar de Servi\u00e7os Gerais \u00e9 respons\u00e1vel pela organiza\u00e7\u00e3o, higieniza\u00e7\u00e3o e manuten\u00e7\u00e3o da limpeza na empresa. \u00c9 pelas suas m\u00e3os que conseguimos manter todos os nossos espa\u00e7os limpos, lavados, organizados e de acordo com as normas da vigil\u00e2ncia sanit\u00e1ria.\u00a0\u00a0<\/p>\n<p>Rotina<\/p>\n<p>Abertura do estabelecimento;<br \/>\nOferecer excelente servi\u00e7o de manuten\u00e7\u00e3o e limpeza nas depend\u00eancias das unidades;<br \/>\nDeixar o sal\u00e3o limpo para o in\u00edcio da opera\u00e7\u00e3o;\u00a0<br \/>\nLimpeza das mesas e madeiras;<br \/>\nColeta de lixo;<br \/>\nLimpeza do ch\u00e3o;<br \/>\nLimpeza de superf\u00edcies horizontais;<br \/>\nManuten\u00e7\u00e3o de limpeza nos banheiros;<br \/>\nConfer\u00eancia do estoque dos produtos limpeza;<br \/>\nManter o DML de limpeza sempre limpo, organizado e com etiquetas de identifica\u00e7\u00e3o de cada produto ou descart\u00e1vel utilizado;<br \/>\nSeguir todas as normas pertinentes do minist\u00e9rio da sa\u00fade\/vigil\u00e2ncia sanit\u00e1ria;<br \/>\nUtilizar de forma adequada os EPI\u00b4S (Equipamento de prote\u00e7\u00e3o individual);<br \/>\nFazer levantamento de estoque e pedido de compras\u00a0para o Gerente da loja.<\/p>\n<p>Local de trabalho: (Leblon\/RJ)<\/p>\n<p>Hor\u00e1rio de trabalho: (noturno)<\/p>\n<p>Escolaridade: N\u00e3o exigimos escolaridade;<br \/>\nDisponibilidade de hor\u00e1rio;<br \/>\nExperi\u00eancia na \u00e1rea.\u00a0<\/p>\n<p>Compet\u00eancias\u00a0<\/p>\n<p>Boa comunica\u00e7\u00e3o;<br \/>\nAgilidade e proatividade;<br \/>\nHabilidade em organiza\u00e7\u00e3o;<br \/>\nBoas pr\u00e1ticas de higiene e vigil\u00e2ncia sanit\u00e1ria;<br \/>\nConhecimento em produtos de limpeza;<br \/>\nSaber fazer lista de pedidos dos produtos utilizados pelo cargo, assim como dos descart\u00e1veis utilizados, tais como papel higi\u00eanico, papel toalha e afins;<br \/>\nFlexibilidade para trabalhar em turnos.<\/p>\n<p>Vale transporte ou Combust\u00edvel;<br \/>\nAlimenta\u00e7\u00e3o na empresa;<br \/>\nTotalpass;<br \/>\nSeguro de vida;<br \/>\nPlano de carreira.\u00a0\u00a0<\/p>\n<p>\u00a0Informa\u00e7\u00f5es Adicionais: Escala 6&#215;1.<\/p>\n<ul>\n<li>Local de trabalho: Rio de Janeiro, RJ<\/li>\n<li>Regime de contrata\u00e7\u00e3o de tipo: Efetivo \u2013 CLT<\/li>\n<li>Jornada: Per\u00edodo Integral<\/li>\n<li>\u00c1rea e especializa\u00e7\u00e3o profissional: Servi\u00e7os Gerais &#8211; Limpeza<\/li>\n<li>N\u00edvel hier\u00e1rquico: Auxiliar<\/li>\n<\/ul>\n<p>Escolaridade M\u00ednima: Ensino Fundamental (1\u00ba grau)<\/p>\n","protected":false},"excerpt":{"rendered":"<p>Miss\u00e3o\u00a0\u00a0 O Auxiliar de Servi\u00e7os Gerais \u00e9 respons\u00e1vel pela organiza\u00e7\u00e3o, higieniza\u00e7\u00e3o e manuten\u00e7\u00e3o da limpeza na empresa. \u00c9 pelas suas m\u00e3os que conseguimos manter todos os nossos espa\u00e7os limpos, lavados, organizados e de acordo com as normas da vigil\u00e2ncia sanit\u00e1ria.\u00a0\u00a0 Rotina Abertura do estabelecimento; Oferecer excelente servi\u00e7o de manuten\u00e7\u00e3o e limpeza nas depend\u00eancias das unidades; [&hellip;]<\/p>\n","protected":false},"author":1,"featured_media":0,"comment_status":"open","ping_status":"open","sticky":false,"template":"","format":"standard","meta":{"footnotes":""},"categories":[21],"tags":[],"class_list":["post-7000","post","type-post","status-publish","format-standard","hentry","category-rio-de-janeiro-rj"],"_links":{"self":[{"href":"https:\/\/vagas.portalemprego.com.br\/index.php?rest_route=\/wp\/v2\/posts\/7000","targetHints":{"allow":["GET"]}}],"collection":[{"href":"https:\/\/vagas.portalemprego.com.br\/index.php?rest_route=\/wp\/v2\/posts"}],"about":[{"href":"https:\/\/vagas.portalemprego.com.br\/index.php?rest_route=\/wp\/v2\/types\/post"}],"author":[{"embeddable":true,"href":"https:\/\/vagas.portalemprego.com.br\/index.php?rest_route=\/wp\/v2\/users\/1"}],"replies":[{"embeddable":true,"href":"https:\/\/vagas.portalemprego.com.br\/index.php?rest_route=%2Fwp%2Fv2%2Fcomments&post=7000"}],"version-history":[{"count":0,"href":"https:\/\/vagas.portalemprego.com.br\/index.php?rest_route=\/wp\/v2\/posts\/7000\/revisions"}],"wp:attachment":[{"href":"https:\/\/vagas.portalemprego.com.br\/index.php?rest_route=%2Fwp%2Fv2%2Fmedia&parent=7000"}],"wp:term":[{"taxonomy":"category","embeddable":true,"href":"https:\/\/vagas.portalemprego.com.br\/index.php?rest_route=%2Fwp%2Fv2%2Fcategories&post=7000"},{"taxonomy":"post_tag","embeddable":true,"href":"https:\/\/vagas.portalemprego.com.br\/index.php?rest_route=%2Fwp%2Fv2%2Ftags&post=7000"}],"curies":[{"name":"wp","href":"https:\/\/api.w.org\/{rel}","templated":true}]}}