{"id":7003,"date":"2026-04-29T06:25:25","date_gmt":"2026-04-29T09:25:25","guid":{"rendered":"https:\/\/vagas.portalemprego.com.br\/?p=7003"},"modified":"2026-04-29T06:25:25","modified_gmt":"2026-04-29T09:25:25","slug":"enfermeiro-emergencia-banco-de-talentos2-saude-rio-de-janeiro","status":"publish","type":"post","link":"https:\/\/vagas.portalemprego.com.br\/?p=7003","title":{"rendered":"Enfermeiro &#8211; Emerg\u00eancia &#8211; Banco de Talentos2 &#8211; Sa\u00fade &#8211; Rio de Janeiro"},"content":{"rendered":"<p>A Casa de Sa\u00fade S\u00e3o Jos\u00e9 est\u00e1 em busca de um profissional da \u00e1rea de Enfermagem com experi\u00eancia em Emerg\u00eancia para integrar a nossa equipe.<br \/>\nSomos uma institui\u00e7\u00e3o refer\u00eancia em atendimento hospitalar de qualidade, com valores pautados no respeito, compromisso e \u00e9tica. Estamos em constante busca pelo aprimoramento dos nossos servi\u00e7os, visando sempre o bem-estar e a sa\u00fade dos nossos pacientes. <\/p>\n<p>Requisitos:<br \/>\n&#8211; Ter experi\u00eancia anterior como Enfermeiro no setor da Emerg\u00eancia;<br \/>\n&#8211; Desej\u00e1vel curso de Manchester;<br \/>\n&#8211; Experi\u00eancia em Classifica\u00e7\u00e3o de riscos, ser\u00e1 diferencial;<br \/>\n&#8211; Desej\u00e1vel experi\u00eancia em remo\u00e7\u00e3o com ambul\u00e2ncia;<br \/>\n&#8211; Ensino Superior Completo em Enfermagem (Coren ativo e sem pend\u00eancias);<br \/>\n&#8211; Ter especializa\u00e7\u00e3o completa em Emerg\u00eancia ou Obstetr\u00edcia;<br \/>\n&#8211; Ter disponibilidade para plant\u00e3o 12 x36 &#8211; dia;<br \/>\n&#8211; Ter disponibilidade para atuar 10h as 22h <\/p>\n<p>Principais responsabilidades: <\/p>\n<p>&#8211; Participar do planejamento, organiza\u00e7\u00e3o, coordena\u00e7\u00e3o e avalia\u00e7\u00e3o da equipe de enfermagem;<br \/>\n&#8211; Administrar a equipe de enfermagem no que se refere \u00e0 escala de trabalho di\u00e1ria e atividades, contemplando a distribui\u00e7\u00e3o de profissionais dispon\u00edveis conforme a necessidade da \u00e1rea sob sua responsabilidade;<br \/>\n&#8211; Acompanhar diariamente a passagem de plant\u00e3o de sua unidade;<br \/>\n&#8211; Realizar visita di\u00e1ria aos pacientes de sua unidade, conferindo a assist\u00eancia de Enfermagem prestada;<br \/>\n&#8211; Participar diariamente dos Rounds e Hudlle, interagindo com a equipe multidisciplinar;<br \/>\n&#8211; Supervisionar a Sistematiza\u00e7\u00e3o da Assist\u00eancia de enfermagem (Aplica\u00e7\u00e3o da SAE e metas assistenciais);<br \/>\n&#8211; Sa\u00eddas em ambul\u00e2ncia conforme necessidade. <\/p>\n<p>Se voc\u00ea \u00e9 uma pessoa engajada, que busca constantemente a melhoria cont\u00ednua e tem afinidade com a \u00e1rea da sa\u00fade, essa \u00e9 a oportunidade perfeita para voc\u00ea. <\/p>\n<p>Oferecemos um ambiente de trabalho din\u00e2mico e desafiador, com oportunidades de desenvolvimento e crescimento profissional. Al\u00e9m disso, proporcionamos benef\u00edcios atrativos e sal\u00e1rio compat\u00edvel com o mercado. <\/p>\n<p>Lembramos que, de acordo com as diretrizes da Casa de Sa\u00fade S\u00e3o Jos\u00e9, todas as informa\u00e7\u00f5es fornecidas ser\u00e3o tratadas de forma confidencial, sendo utilizadas apenas para fins de sele\u00e7\u00e3o e recrutamento. <\/p>\n<p>Agradecemos seu interesse em fazer parte da nossa equipe e entraremos em contato com os candidatos que atenderem aos requisitos estabelecidos. <\/p>\n<p>A CASA DE SA\u00daDE S\u00c3O JOS\u00c9 valoriza a diversidade e a inclus\u00e3o, portanto encorajamos candidaturas de pessoas de todos os g\u00eaneros, ra\u00e7as, etnias e backgrounds. <\/p>\n<p>Venha fazer parte da nossa equipe e contribuir para a presta\u00e7\u00e3o de servi\u00e7os de sa\u00fade de excel\u00eancia!<br \/>\nBoa sorte!!<\/p>\n<ul>\n<li>Local de trabalho: Rio de Janeiro, RJ<\/li>\n<li>Regime de contrata\u00e7\u00e3o de tipo: Efetivo \u2013 CLT<\/li>\n<li>Jornada: Per\u00edodo Integral<\/li>\n<li>\u00c1rea e especializa\u00e7\u00e3o profissional: Sa\u00fade &#8211; Enfermagem<\/li>\n<li>N\u00edvel hier\u00e1rquico: Analista<\/li>\n<\/ul>\n<p>HABILIDADES<\/p>\n<ul>\n<li>Desej\u00e1vel experi\u00eancia em remo\u00e7\u00e3o com ambul\u00e2ncia<\/li>\n<li>Experi\u00eancia em Classifica\u00e7\u00e3o de Riscos, ser\u00e1 diferencial<\/li>\n<li>Curso de Manchester<\/li>\n<li>Foco no Cliente<\/li>\n<li>Capacidade de Decis\u00e3o<\/li>\n<li>Vis\u00e3o do Neg\u00f3cio<\/li>\n<li>Comprometimento com Resultado<\/li>\n<li>Organiza\u00e7\u00e3o<\/li>\n<li>Trabalho em equipe<\/li>\n<li>Relacionamento Interpessoal<\/li>\n<li>Iniciativa<\/li>\n<\/ul>\n<p>Escolaridade M\u00ednima: P\u00f3s-gradua\u00e7\u00e3o &#8211; Especializa\u00e7\u00e3o\/MBA<\/p>\n<ul>\n<li>Almo\u00e7o<\/li>\n<li>Telenutri\u00e7\u00e3o<\/li>\n<li>Vale Alimenta\u00e7\u00e3o<\/li>\n<li>Auriculoterapia<\/li>\n<li>Gympass<\/li>\n<li>Assist\u00eancia Odontol\u00f3gica<\/li>\n<li>Assist\u00eancia M\u00e9dica<\/li>\n<li>Lanche da tarde<\/li>\n<li>Conv\u00eanio Sesc<\/li>\n<li>Telepsicologia<\/li>\n<li>Plataforma de Cursos<\/li>\n<li>Caf\u00e9 da manh\u00e3<\/li>\n<li>Conv\u00eanio Farm\u00e1cia<\/li>\n<\/ul>\n","protected":false},"excerpt":{"rendered":"<p>A Casa de Sa\u00fade S\u00e3o Jos\u00e9 est\u00e1 em busca de um profissional da \u00e1rea de Enfermagem com experi\u00eancia em Emerg\u00eancia para integrar a nossa equipe. Somos uma institui\u00e7\u00e3o refer\u00eancia em atendimento hospitalar de qualidade, com valores pautados no respeito, compromisso e \u00e9tica. Estamos em constante busca pelo aprimoramento dos nossos servi\u00e7os, visando sempre o bem-estar [&hellip;]<\/p>\n","protected":false},"author":1,"featured_media":0,"comment_status":"open","ping_status":"open","sticky":false,"template":"","format":"standard","meta":{"footnotes":""},"categories":[21],"tags":[],"class_list":["post-7003","post","type-post","status-publish","format-standard","hentry","category-rio-de-janeiro-rj"],"_links":{"self":[{"href":"https:\/\/vagas.portalemprego.com.br\/index.php?rest_route=\/wp\/v2\/posts\/7003","targetHints":{"allow":["GET"]}}],"collection":[{"href":"https:\/\/vagas.portalemprego.com.br\/index.php?rest_route=\/wp\/v2\/posts"}],"about":[{"href":"https:\/\/vagas.portalemprego.com.br\/index.php?rest_route=\/wp\/v2\/types\/post"}],"author":[{"embeddable":true,"href":"https:\/\/vagas.portalemprego.com.br\/index.php?rest_route=\/wp\/v2\/users\/1"}],"replies":[{"embeddable":true,"href":"https:\/\/vagas.portalemprego.com.br\/index.php?rest_route=%2Fwp%2Fv2%2Fcomments&post=7003"}],"version-history":[{"count":0,"href":"https:\/\/vagas.portalemprego.com.br\/index.php?rest_route=\/wp\/v2\/posts\/7003\/revisions"}],"wp:attachment":[{"href":"https:\/\/vagas.portalemprego.com.br\/index.php?rest_route=%2Fwp%2Fv2%2Fmedia&parent=7003"}],"wp:term":[{"taxonomy":"category","embeddable":true,"href":"https:\/\/vagas.portalemprego.com.br\/index.php?rest_route=%2Fwp%2Fv2%2Fcategories&post=7003"},{"taxonomy":"post_tag","embeddable":true,"href":"https:\/\/vagas.portalemprego.com.br\/index.php?rest_route=%2Fwp%2Fv2%2Ftags&post=7003"}],"curies":[{"name":"wp","href":"https:\/\/api.w.org\/{rel}","templated":true}]}}