{"id":7004,"date":"2026-04-29T06:25:25","date_gmt":"2026-04-29T09:25:25","guid":{"rendered":"https:\/\/vagas.portalemprego.com.br\/?p=7004"},"modified":"2026-04-29T06:25:25","modified_gmt":"2026-04-29T09:25:25","slug":"jovem-aprendiz-banco-de-talentos-administracao-rio-de-janeiro","status":"publish","type":"post","link":"https:\/\/vagas.portalemprego.com.br\/?p=7004","title":{"rendered":"Jovem Aprendiz | Banco de Talentos &#8211; Administra\u00e7\u00e3o &#8211; Rio de Janeiro"},"content":{"rendered":"<p>A Casa de Sa\u00fade S\u00e3o Jos\u00e9, conceituada institui\u00e7\u00e3o na \u00e1rea da sa\u00fade, est\u00e1 em busca de um Jovem Aprendiz para integrar a equipe. Se voc\u00ea \u00e9 uma pessoa motivada, proativa e est\u00e1 em busca de experi\u00eancia profissional em um ambiente enriquecedor, esta oportunidade \u00e9 para voc\u00ea!<\/p>\n<p>Requisitos necess\u00e1rios:<br \/>\n&#8211; Cursando ou conclu\u00eddo o ensino m\u00e9dio;<br \/>\n&#8211; Bons conhecimentos de inform\u00e1tica;<br \/>\n&#8211; Ter entre 18 e 22 anos;<br \/>\n&#8211; Disponibilidade para trabalhar 4 horas por dia, no per\u00edodo da manh\u00e3 ou da tarde;<br \/>\n&#8211; Se for do sexo masculino, \u00e9 imprescind\u00edvel possuir certificado de reservista.<br \/>\nPossuir documenta\u00e7\u00e3o completa (Certid\u00e3o de Nascimento ou Casamento, RG, CPF, CTPS, T\u00edtulo de Eleitor, Comprovante de Resid\u00eancia, Comprovante de Escolaridade (at\u00e9 30 dias), Certificado para reservista (sexo masculino).<\/p>\n<p>Como Jovem Aprendiz, voc\u00ea ter\u00e1 a oportunidade de vivenciar o ambiente corporativo, adquirir conhecimentos pr\u00e1ticos e desenvolver habilidades essenciais para o mercado de trabalho. Durante o programa, voc\u00ea ser\u00e1 acompanhado por profissionais experientes que ir\u00e3o fornecer o suporte necess\u00e1rio para o seu desenvolvimento profissional.<\/p>\n<p>Suas principais atividades ser\u00e3o:<br \/>\n&#8211; Auxiliar em tarefas administrativas, como preenchimento de planilhas e organiza\u00e7\u00e3o de documentos<br \/>\n&#8211; Atender e direcionar telefonemas e visitantes<br \/>\n&#8211; Controlar o estoque de materiais de escrit\u00f3rio<br \/>\n&#8211; Apoiar nas atividades relacionadas \u00e0 \u00e1rea de atua\u00e7\u00e3o<br \/>\n&#8211; Participar de treinamentos e workshops com o objetivo de aprimorar suas habilidades<\/p>\n<p>Oferecemos uma bolsa aux\u00edlio compat\u00edvel com o mercado, al\u00e9m de benef\u00edcios como vale-transporte e alimenta\u00e7\u00e3o no local. Al\u00e9m disso, a Casa de Sa\u00fade S\u00e3o Jos\u00e9 proporciona um ambiente de trabalho acolhedor e prop\u00edcio para o crescimento profissional.<\/p>\n<p>Valorizamos a diversidade e a igualdade de oportunidades. Por isso, jovens com defici\u00eancia tamb\u00e9m s\u00e3o bem-vindos a se candidatar.<\/p>\n<p>Se voc\u00ea se identifica com nosso prop\u00f3sito de oferecer servi\u00e7os de qualidade na \u00e1rea da sa\u00fade, venha fazer parte da nossa equipe!<\/p>\n<p>N\u00e3o perca essa oportunidade de come\u00e7ar sua carreira em uma empresa de renome. Venha construir seu futuro na Casa de Sa\u00fade S\u00e3o Jos\u00e9!<\/p>\n<ul>\n<li>N\u00famero de vagas: 5<\/li>\n<li>Local de trabalho: Rio de Janeiro, RJ<\/li>\n<li>Regime de contrata\u00e7\u00e3o de tipo: Jovem Aprendiz<\/li>\n<li>Jornada: Parcial manh\u00e3s<\/li>\n<li>\u00c1rea e especializa\u00e7\u00e3o profissional: Administra\u00e7\u00e3o &#8211; Administra\u00e7\u00e3o Geral<\/li>\n<li>N\u00edvel hier\u00e1rquico: Operacional<\/li>\n<\/ul>\n<p>VALORIZADO<\/p>\n<p>Tempo de experi\u00eancia: Sem experi\u00eancia<\/p>\n<p>Escolaridade M\u00ednima: Ensino M\u00e9dio (2\u00ba Grau)<\/p>\n<ul>\n<li>Lanche da tarde<\/li>\n<li>Conv\u00eanio SESC<\/li>\n<li>Assist\u00eancia Funeral<\/li>\n<li>Seguro de Vida<\/li>\n<li>Gympass<\/li>\n<li>Almo\u00e7o<\/li>\n<li>Assist\u00eancia m\u00e9dica<\/li>\n<li>VA<\/li>\n<li>VT<\/li>\n<li>Assist\u00eancia odontol\u00f3gica<\/li>\n<li>Conv\u00eanio farm\u00e1cia<\/li>\n<li>Caf\u00e9 da manh\u00e3<\/li>\n<\/ul>\n","protected":false},"excerpt":{"rendered":"<p>A Casa de Sa\u00fade S\u00e3o Jos\u00e9, conceituada institui\u00e7\u00e3o na \u00e1rea da sa\u00fade, est\u00e1 em busca de um Jovem Aprendiz para integrar a equipe. Se voc\u00ea \u00e9 uma pessoa motivada, proativa e est\u00e1 em busca de experi\u00eancia profissional em um ambiente enriquecedor, esta oportunidade \u00e9 para voc\u00ea! Requisitos necess\u00e1rios: &#8211; Cursando ou conclu\u00eddo o ensino m\u00e9dio; [&hellip;]<\/p>\n","protected":false},"author":1,"featured_media":0,"comment_status":"open","ping_status":"open","sticky":false,"template":"","format":"standard","meta":{"footnotes":""},"categories":[21],"tags":[],"class_list":["post-7004","post","type-post","status-publish","format-standard","hentry","category-rio-de-janeiro-rj"],"_links":{"self":[{"href":"https:\/\/vagas.portalemprego.com.br\/index.php?rest_route=\/wp\/v2\/posts\/7004","targetHints":{"allow":["GET"]}}],"collection":[{"href":"https:\/\/vagas.portalemprego.com.br\/index.php?rest_route=\/wp\/v2\/posts"}],"about":[{"href":"https:\/\/vagas.portalemprego.com.br\/index.php?rest_route=\/wp\/v2\/types\/post"}],"author":[{"embeddable":true,"href":"https:\/\/vagas.portalemprego.com.br\/index.php?rest_route=\/wp\/v2\/users\/1"}],"replies":[{"embeddable":true,"href":"https:\/\/vagas.portalemprego.com.br\/index.php?rest_route=%2Fwp%2Fv2%2Fcomments&post=7004"}],"version-history":[{"count":0,"href":"https:\/\/vagas.portalemprego.com.br\/index.php?rest_route=\/wp\/v2\/posts\/7004\/revisions"}],"wp:attachment":[{"href":"https:\/\/vagas.portalemprego.com.br\/index.php?rest_route=%2Fwp%2Fv2%2Fmedia&parent=7004"}],"wp:term":[{"taxonomy":"category","embeddable":true,"href":"https:\/\/vagas.portalemprego.com.br\/index.php?rest_route=%2Fwp%2Fv2%2Fcategories&post=7004"},{"taxonomy":"post_tag","embeddable":true,"href":"https:\/\/vagas.portalemprego.com.br\/index.php?rest_route=%2Fwp%2Fv2%2Ftags&post=7004"}],"curies":[{"name":"wp","href":"https:\/\/api.w.org\/{rel}","templated":true}]}}