{"id":7005,"date":"2026-04-29T06:25:25","date_gmt":"2026-04-29T09:25:25","guid":{"rendered":"https:\/\/vagas.portalemprego.com.br\/?p=7005"},"modified":"2026-04-29T06:25:25","modified_gmt":"2026-04-29T09:25:25","slug":"tec-de-enfermagem-ui-oncologica-banco-de-talentos-saude-rio-de-janeiro","status":"publish","type":"post","link":"https:\/\/vagas.portalemprego.com.br\/?p=7005","title":{"rendered":"T\u00e9c. de Enfermagem- UI Oncologica | Banco de Talentos &#8211; Sa\u00fade &#8211; Rio de Janeiro"},"content":{"rendered":"<p>A CASA DE SA\u00daDE S\u00c3O JOS\u00c9 est\u00e1 em busca de um profissional qualificado para assumir a posi\u00e7\u00e3o de T\u00e9cnico de Enfermagem na Unidade de Interna\u00e7\u00e3o. <\/p>\n<p>Principais responsabilidades incluem prestar assist\u00eancia direta aos pacientes, acompanhando e registrando observa\u00e7\u00f5es, cuidados e procedimentos realizados. Al\u00e9m disso, o profissional ser\u00e1 respons\u00e1vel por ministrar medica\u00e7\u00f5es, realizar curativos simples, colher materiais para exames laboratoriais e prestar cuidados pr\u00e9 e p\u00f3s-operat\u00f3rios. <\/p>\n<p>Os candidatos selecionados tamb\u00e9m ser\u00e3o respons\u00e1veis por fornecer cuidados de higiene e conforto aos pacientes, garantindo sua seguran\u00e7a. Dever\u00e3o comunicar qualquer altera\u00e7\u00e3o e\/ou evolu\u00e7\u00e3o no estado dos pacientes ao enfermeiro respons\u00e1vel.<\/p>\n<p>Outras atribui\u00e7\u00f5es incluem a execu\u00e7\u00e3o dos cuidados de enfermagem relacionados \u00e0 higiene, alimenta\u00e7\u00e3o e movimenta\u00e7\u00e3o dos pacientes nas unidades, bem como a realiza\u00e7\u00e3o de pun\u00e7\u00e3o venosa, preparo e administra\u00e7\u00e3o de nebuliza\u00e7\u00e3o, quando necess\u00e1rio. Tamb\u00e9m ser\u00e1 necess\u00e1rio manter o controle dos equipamentos m\u00e9dicos hospitalares, dos medicamentos e demais recursos na unidade, buscando o adequado funcionamento para atendimento, al\u00e9m de solicitar manuten\u00e7\u00f5es quando necess\u00e1rio.<\/p>\n<p>Requisitos:<br \/>\n&#8211; Forma\u00e7\u00e3o completa em T\u00e9cnico de Enfermagem;<br \/>\n&#8211; Registro ativo no COREN;<br \/>\n&#8211; Experi\u00eancia pr\u00e9via na \u00e1rea de Unidade de Interna\u00e7\u00e3o Oncologica;<br \/>\n&#8211; Conhecimento em procedimentos de enfermagem, administra\u00e7\u00e3o de medica\u00e7\u00f5es e curativos;<br \/>\n&#8211; Habilidades em coleta de materiais para exames laboratoriais;<br \/>\n&#8211; Conhecimentos em cuidados pr\u00e9 e p\u00f3s-operat\u00f3rios;<br \/>\n&#8211; Boa comunica\u00e7\u00e3o e habilidades interpessoais;<br \/>\n&#8211; Capacidade de trabalhar em equipe e lidar com situa\u00e7\u00f5es de estresse;<br \/>\n&#8211; Comprometimento com a qualidade e seguran\u00e7a do paciente.<\/p>\n<p>A CASA DE SA\u00daDE S\u00c3O JOS\u00c9 valoriza a diversidade e promove uma cultura inclusiva. Todas as candidaturas ser\u00e3o analisadas com base nas qualifica\u00e7\u00f5es e habilidades dos candidatos, independentemente de origem \u00e9tnica, religi\u00e3o, idade, g\u00eanero, orienta\u00e7\u00e3o sexual ou defici\u00eancia.<\/p>\n<ul>\n<li>Local de trabalho: Rio de Janeiro, RJ<\/li>\n<li>Regime de contrata\u00e7\u00e3o de tipo: Efetivo \u2013 CLT<\/li>\n<li>Jornada: Per\u00edodo Integral<\/li>\n<li>\u00c1rea e especializa\u00e7\u00e3o profissional: Sa\u00fade &#8211; Enfermagem<\/li>\n<li>N\u00edvel hier\u00e1rquico: Trainee<\/li>\n<\/ul>\n<p>Escolaridade M\u00ednima: Curso T\u00e9cnico<\/p>\n<p>Forma\u00e7\u00e3o desejada:<\/p>\n<ul>\n<li>Enfermagem, Curso T\u00e9cnico<\/li>\n<\/ul>\n<ul>\n<li>vale transporte<\/li>\n<li>ticket alimenta\u00e7\u00e3o<\/li>\n<li>Seguro de Vida<\/li>\n<li>Assist\u00eancia odontol\u00f3gica<\/li>\n<li>Assist\u00eancia m\u00e9dica<\/li>\n<li>gympass<\/li>\n<li>alimenta\u00e7\u00e3o no local<\/li>\n<\/ul>\n","protected":false},"excerpt":{"rendered":"<p>A CASA DE SA\u00daDE S\u00c3O JOS\u00c9 est\u00e1 em busca de um profissional qualificado para assumir a posi\u00e7\u00e3o de T\u00e9cnico de Enfermagem na Unidade de Interna\u00e7\u00e3o. Principais responsabilidades incluem prestar assist\u00eancia direta aos pacientes, acompanhando e registrando observa\u00e7\u00f5es, cuidados e procedimentos realizados. Al\u00e9m disso, o profissional ser\u00e1 respons\u00e1vel por ministrar medica\u00e7\u00f5es, realizar curativos simples, colher materiais [&hellip;]<\/p>\n","protected":false},"author":1,"featured_media":0,"comment_status":"open","ping_status":"open","sticky":false,"template":"","format":"standard","meta":{"footnotes":""},"categories":[21],"tags":[],"class_list":["post-7005","post","type-post","status-publish","format-standard","hentry","category-rio-de-janeiro-rj"],"_links":{"self":[{"href":"https:\/\/vagas.portalemprego.com.br\/index.php?rest_route=\/wp\/v2\/posts\/7005","targetHints":{"allow":["GET"]}}],"collection":[{"href":"https:\/\/vagas.portalemprego.com.br\/index.php?rest_route=\/wp\/v2\/posts"}],"about":[{"href":"https:\/\/vagas.portalemprego.com.br\/index.php?rest_route=\/wp\/v2\/types\/post"}],"author":[{"embeddable":true,"href":"https:\/\/vagas.portalemprego.com.br\/index.php?rest_route=\/wp\/v2\/users\/1"}],"replies":[{"embeddable":true,"href":"https:\/\/vagas.portalemprego.com.br\/index.php?rest_route=%2Fwp%2Fv2%2Fcomments&post=7005"}],"version-history":[{"count":0,"href":"https:\/\/vagas.portalemprego.com.br\/index.php?rest_route=\/wp\/v2\/posts\/7005\/revisions"}],"wp:attachment":[{"href":"https:\/\/vagas.portalemprego.com.br\/index.php?rest_route=%2Fwp%2Fv2%2Fmedia&parent=7005"}],"wp:term":[{"taxonomy":"category","embeddable":true,"href":"https:\/\/vagas.portalemprego.com.br\/index.php?rest_route=%2Fwp%2Fv2%2Fcategories&post=7005"},{"taxonomy":"post_tag","embeddable":true,"href":"https:\/\/vagas.portalemprego.com.br\/index.php?rest_route=%2Fwp%2Fv2%2Ftags&post=7005"}],"curies":[{"name":"wp","href":"https:\/\/api.w.org\/{rel}","templated":true}]}}