{"id":7006,"date":"2026-04-29T06:25:25","date_gmt":"2026-04-29T09:25:25","guid":{"rendered":"https:\/\/vagas.portalemprego.com.br\/?p=7006"},"modified":"2026-04-29T06:25:25","modified_gmt":"2026-04-29T09:25:25","slug":"tecnico-de-enfermagem-cdi-banco-de-talentos-saude-rio-de-janeiro","status":"publish","type":"post","link":"https:\/\/vagas.portalemprego.com.br\/?p=7006","title":{"rendered":"T\u00e9cnico de Enfermagem- CDI &#8211; Banco de Talentos &#8211; Sa\u00fade &#8211; Rio de Janeiro"},"content":{"rendered":"<p>A Casa de Sa\u00fade S\u00e3o Jos\u00e9 est\u00e1 em busca de um profissional qualificado para atuar como T\u00e9cnico de Enfermagem &#8211; Centro de Diagn\u00f3stico de Imagem em nossa institui\u00e7\u00e3o. Se voc\u00ea \u00e9 apaixonado pela \u00e1rea da sa\u00fade e possui habilidades t\u00e9cnicas e de atendimento ao paciente, essa vaga \u00e9 para voc\u00ea!<\/p>\n<p>Responsabilidades:<br \/>\n&#8211; Checar os exames agendados no dia, antes do in\u00edcio do plant\u00e3o;<br \/>\n&#8211; Realizar check list do setor<br \/>\n&#8211; Prover e prever material para o bom funcionamento da unidade<br \/>\n&#8211; Verificar e garantir o correto funcionamento dos aparelhos utilizados no Centro de Diagn\u00f3stico de Imagem;<br \/>\n&#8211; Manter equipamentos medicos higienizados<br \/>\n&#8211; Realizar assist\u00eancia de enfermagem a pacientes durante exames de tomografia, resson\u00e2ncia e ultrassonografia<br \/>\n&#8211; Administrar contraste, quando necess\u00e1rio, seguindo as condutas adequadas e garantindo a seguran\u00e7a do paciente<br \/>\n&#8211; Realizar movimenta\u00e7\u00e3o de documentos e contas para faturamento<\/p>\n<p>Requisitos:<br \/>\n&#8211; Forma\u00e7\u00e3o completa em T\u00e9cnico de Enfermagem;<br \/>\n&#8211; Registro ativo no Coren;<br \/>\n&#8211; Calend\u00e1rio Vacinal Covid em dia;<br \/>\n&#8211; Experi\u00eancia na \u00e1rea de Diagn\u00f3stico por Imagem;<br \/>\n&#8211; Conhecimento e dom\u00ednio dos procedimentos e normas t\u00e9cnicas relacionadas ao Centro de Diagn\u00f3stico de Imagem;<br \/>\n&#8211; Capacidade de trabalhar em equipe e boa comunica\u00e7\u00e3o interpessoal;<br \/>\n&#8211; Habilidade para lidar com situa\u00e7\u00f5es de emerg\u00eancia e atender aos pacientes com aten\u00e7\u00e3o e empatia.<\/p>\n<p>Oferecemos:<br \/>\n&#8211; Sal\u00e1rio compat\u00edvel com o mercado e benef\u00edcios atrativos.<br \/>\n&#8211; Ambiente de trabalho din\u00e2mico e colaborativo.<br \/>\n&#8211; Oportunidade de aprendizado e crescimento profissional.<br \/>\n&#8211; Possibilidade de atuar em uma institui\u00e7\u00e3o renomada na \u00e1rea da sa\u00fade.<\/p>\n<p>Ter disponibilidade para atuar no hor\u00e1rio (inicial) que \u00e9 das 10h00 as 22h00 &#8211; regime 12 x 36.<\/p>\n<p>Se voc\u00ea se identifica com a nossa proposta e possui o perfil desejado, n\u00e3o perca tempo e envie-nos o seu curr\u00edculo agora mesmo! <\/p>\n<p>Estamos ansiosos para conhec\u00ea-lo e dar in\u00edcio a uma parceria de sucesso.<\/p>\n<ul>\n<li>Local de trabalho: Rio de Janeiro, RJ<\/li>\n<li>Regime de contrata\u00e7\u00e3o de tipo: Efetivo \u2013 CLT<\/li>\n<li>Jornada: Per\u00edodo Integral<\/li>\n<li>\u00c1rea e especializa\u00e7\u00e3o profissional: Sa\u00fade &#8211; Enfermagem<\/li>\n<li>N\u00edvel hier\u00e1rquico: Assistente<\/li>\n<\/ul>\n<p>Escolaridade M\u00ednima: Curso T\u00e9cnico<\/p>\n<ul>\n<li>Plataforma de Cursos<\/li>\n<li>Vale Alimenta\u00e7\u00e3o<\/li>\n<li>Auriculoterapia<\/li>\n<li>Atendimento Social<\/li>\n<li>Telepsicologia<\/li>\n<li>Telenutri\u00e7\u00e3o<\/li>\n<li>Aux\u00edlio funeral<\/li>\n<li>Gympass<\/li>\n<li>Assist\u00eancia M\u00e9dica<\/li>\n<li>Almo\u00e7o<\/li>\n<li>Caf\u00e9 da manh\u00e3<\/li>\n<li>Lanche da tarde<\/li>\n<li>Assist\u00eancia Odontol\u00f3gica<\/li>\n<\/ul>\n","protected":false},"excerpt":{"rendered":"<p>A Casa de Sa\u00fade S\u00e3o Jos\u00e9 est\u00e1 em busca de um profissional qualificado para atuar como T\u00e9cnico de Enfermagem &#8211; Centro de Diagn\u00f3stico de Imagem em nossa institui\u00e7\u00e3o. Se voc\u00ea \u00e9 apaixonado pela \u00e1rea da sa\u00fade e possui habilidades t\u00e9cnicas e de atendimento ao paciente, essa vaga \u00e9 para voc\u00ea! Responsabilidades: &#8211; Checar os exames [&hellip;]<\/p>\n","protected":false},"author":1,"featured_media":0,"comment_status":"open","ping_status":"open","sticky":false,"template":"","format":"standard","meta":{"footnotes":""},"categories":[21],"tags":[],"class_list":["post-7006","post","type-post","status-publish","format-standard","hentry","category-rio-de-janeiro-rj"],"_links":{"self":[{"href":"https:\/\/vagas.portalemprego.com.br\/index.php?rest_route=\/wp\/v2\/posts\/7006","targetHints":{"allow":["GET"]}}],"collection":[{"href":"https:\/\/vagas.portalemprego.com.br\/index.php?rest_route=\/wp\/v2\/posts"}],"about":[{"href":"https:\/\/vagas.portalemprego.com.br\/index.php?rest_route=\/wp\/v2\/types\/post"}],"author":[{"embeddable":true,"href":"https:\/\/vagas.portalemprego.com.br\/index.php?rest_route=\/wp\/v2\/users\/1"}],"replies":[{"embeddable":true,"href":"https:\/\/vagas.portalemprego.com.br\/index.php?rest_route=%2Fwp%2Fv2%2Fcomments&post=7006"}],"version-history":[{"count":0,"href":"https:\/\/vagas.portalemprego.com.br\/index.php?rest_route=\/wp\/v2\/posts\/7006\/revisions"}],"wp:attachment":[{"href":"https:\/\/vagas.portalemprego.com.br\/index.php?rest_route=%2Fwp%2Fv2%2Fmedia&parent=7006"}],"wp:term":[{"taxonomy":"category","embeddable":true,"href":"https:\/\/vagas.portalemprego.com.br\/index.php?rest_route=%2Fwp%2Fv2%2Fcategories&post=7006"},{"taxonomy":"post_tag","embeddable":true,"href":"https:\/\/vagas.portalemprego.com.br\/index.php?rest_route=%2Fwp%2Fv2%2Ftags&post=7006"}],"curies":[{"name":"wp","href":"https:\/\/api.w.org\/{rel}","templated":true}]}}