{"id":7008,"date":"2026-04-29T06:25:25","date_gmt":"2026-04-29T09:25:25","guid":{"rendered":"https:\/\/vagas.portalemprego.com.br\/?p=7008"},"modified":"2026-04-29T06:25:25","modified_gmt":"2026-04-29T09:25:25","slug":"maqueiro-hospitalar-banco-de-talentos-saude-rio-de-janeiro","status":"publish","type":"post","link":"https:\/\/vagas.portalemprego.com.br\/?p=7008","title":{"rendered":"Maqueiro Hospitalar | Banco de Talentos &#8211; Sa\u00fade &#8211; Rio de Janeiro"},"content":{"rendered":"<p>N\u00f3s da CASA DE SAUDE S\u00c3O JOS\u00c9 estamos \u00e0 procura de um profissional qualificado para o cargo de Maqueiro Hospitalar.<\/p>\n<p>Nossa institui\u00e7\u00e3o \u00e9 reconhecida por sua excel\u00eancia no setor de sa\u00fade e nossa miss\u00e3o \u00e9 fornecer cuidados de alta qualidade a nossos pacientes.<\/p>\n<p>Requisitos:<\/p>\n<p>&#8211; Ensino M\u00e9dio Completo;<br \/>\n&#8211; Necess\u00e1rio experi\u00eancia comprovada como Maqueiro em cl\u00ednicas ou hospitais;<br \/>\n&#8211; Boas habilidades interpessoais e comunica\u00e7\u00e3o;<br \/>\n&#8211; Disponibilidade para trabalhar em regime de turnos &#8211; 12&#215;36\/Dia.<\/p>\n<p>Responsabilidades:<\/p>\n<p>&#8211; Realizar o transporte dos pacientes hospitalizados;<br \/>\n&#8211; Comunicar-se efetivamente com os pacientes e o time de sa\u00fade;<br \/>\n&#8211; Manter o ambiente organizado e as ferramentas de trabalho limpas.<\/p>\n<p>N\u00f3s oferecemos um ambiente de trabalho desafiador e gratificante, onde voc\u00ea ter\u00e1 a oportunidade de fazer a diferen\u00e7a na vida dos nossos pacientes.<\/p>\n<p>Se voc\u00ea est\u00e1 \u00e0 procura de uma oportunidade de carreira que lhe permita crescer profissionalmente e pessoalmente, n\u00f3s gostar\u00edamos de conhec\u00ea-lo(a) melhor.<\/p>\n<p>Para se candidatar, envie seu curr\u00edculo atualizado.<\/p>\n<p>Agradecemos seu interesse em se juntar \u00e0 nossa equipe e esperamos ter not\u00edcias suas.<\/p>\n<ul>\n<li>Local de trabalho: Rio de Janeiro, RJ<\/li>\n<li>Regime de contrata\u00e7\u00e3o de tipo: Efetivo \u2013 CLT<\/li>\n<li>Jornada: Per\u00edodo Integral<\/li>\n<li>\u00c1rea e especializa\u00e7\u00e3o profissional: Sa\u00fade &#8211; Enfermagem<\/li>\n<li>N\u00edvel hier\u00e1rquico: Auxiliar<\/li>\n<\/ul>\n<p>Escolaridade M\u00ednima: Ensino M\u00e9dio (2\u00ba Grau)<\/p>\n<ul>\n<li>Cesta Natalidade<\/li>\n<li>Caf\u00e9 da manh\u00e3<\/li>\n<li>Almo\u00e7o<\/li>\n<li>Assist\u00eancia M\u00e9dica<\/li>\n<li>Assist\u00eancia Odontol\u00f3gica<\/li>\n<li>Seguro de Vida<\/li>\n<li>Assist\u00eancia Funeral<\/li>\n<li>Lanche da tarde<\/li>\n<li>Conv\u00eanio Sesc<\/li>\n<li>Gympass<\/li>\n<li>Auriculoterapia<\/li>\n<li>Vale Alimenta\u00e7\u00e3o<\/li>\n<li>Telepsicologia<\/li>\n<li>Plataforma de Cursos<\/li>\n<li>Conv\u00eanio Farm\u00e1cia<\/li>\n<\/ul>\n","protected":false},"excerpt":{"rendered":"<p>N\u00f3s da CASA DE SAUDE S\u00c3O JOS\u00c9 estamos \u00e0 procura de um profissional qualificado para o cargo de Maqueiro Hospitalar. Nossa institui\u00e7\u00e3o \u00e9 reconhecida por sua excel\u00eancia no setor de sa\u00fade e nossa miss\u00e3o \u00e9 fornecer cuidados de alta qualidade a nossos pacientes. Requisitos: &#8211; Ensino M\u00e9dio Completo; &#8211; Necess\u00e1rio experi\u00eancia comprovada como Maqueiro em [&hellip;]<\/p>\n","protected":false},"author":1,"featured_media":0,"comment_status":"open","ping_status":"open","sticky":false,"template":"","format":"standard","meta":{"footnotes":""},"categories":[21],"tags":[],"class_list":["post-7008","post","type-post","status-publish","format-standard","hentry","category-rio-de-janeiro-rj"],"_links":{"self":[{"href":"https:\/\/vagas.portalemprego.com.br\/index.php?rest_route=\/wp\/v2\/posts\/7008","targetHints":{"allow":["GET"]}}],"collection":[{"href":"https:\/\/vagas.portalemprego.com.br\/index.php?rest_route=\/wp\/v2\/posts"}],"about":[{"href":"https:\/\/vagas.portalemprego.com.br\/index.php?rest_route=\/wp\/v2\/types\/post"}],"author":[{"embeddable":true,"href":"https:\/\/vagas.portalemprego.com.br\/index.php?rest_route=\/wp\/v2\/users\/1"}],"replies":[{"embeddable":true,"href":"https:\/\/vagas.portalemprego.com.br\/index.php?rest_route=%2Fwp%2Fv2%2Fcomments&post=7008"}],"version-history":[{"count":0,"href":"https:\/\/vagas.portalemprego.com.br\/index.php?rest_route=\/wp\/v2\/posts\/7008\/revisions"}],"wp:attachment":[{"href":"https:\/\/vagas.portalemprego.com.br\/index.php?rest_route=%2Fwp%2Fv2%2Fmedia&parent=7008"}],"wp:term":[{"taxonomy":"category","embeddable":true,"href":"https:\/\/vagas.portalemprego.com.br\/index.php?rest_route=%2Fwp%2Fv2%2Fcategories&post=7008"},{"taxonomy":"post_tag","embeddable":true,"href":"https:\/\/vagas.portalemprego.com.br\/index.php?rest_route=%2Fwp%2Fv2%2Ftags&post=7008"}],"curies":[{"name":"wp","href":"https:\/\/api.w.org\/{rel}","templated":true}]}}