{"id":7010,"date":"2026-04-29T06:25:25","date_gmt":"2026-04-29T09:25:25","guid":{"rendered":"https:\/\/vagas.portalemprego.com.br\/?p=7010"},"modified":"2026-04-29T06:25:25","modified_gmt":"2026-04-29T09:25:25","slug":"tec-de-enfermagem-emergencia-banco-de-talentos2-saude-rio-de-janeiro","status":"publish","type":"post","link":"https:\/\/vagas.portalemprego.com.br\/?p=7010","title":{"rendered":"T\u00e9c. de Enfermagem &#8211; Emerg\u00eancia &#8211; Banco de talentos2 &#8211; Sa\u00fade &#8211; Rio de Janeiro"},"content":{"rendered":"<p>A Casa de Sa\u00fade S\u00e3o Jos\u00e9 est\u00e1 em busca de um profissional T\u00e9cnico de Enfermagem para atuar na \u00e1rea de Emerg\u00eancia. Nossa institui\u00e7\u00e3o \u00e9 refer\u00eancia em qualidade de atendimento e cuidado com os pacientes, e estamos em constante busca por profissionais comprometidos e dedicados.<\/p>\n<p>Responsabilidades:<br \/>\n&#8211; Prestar assist\u00eancia de enfermagem aos pacientes, seguindo os protocolos e diretrizes estabelecidos pela institui\u00e7\u00e3o;<br \/>\n&#8211; Realizar atendimento aos pacientes, realizando triagem, avalia\u00e7\u00e3o inicial e procedimentos necess\u00e1rios;<br \/>\n&#8211; Realizar a administra\u00e7\u00e3o de medicamentos, conforme prescri\u00e7\u00e3o m\u00e9dica;<br \/>\n&#8211; Registrar as informa\u00e7\u00f5es pertinentes ao atendimento realizado, garantindo o correto registro e arquivamento dos documentos;<br \/>\n&#8211; Trabalhar em equipe com os demais profissionais de sa\u00fade, garantindo a integra\u00e7\u00e3o e o bom trabalho em conjunto;<br \/>\n&#8211; Manter-se atualizado sobre os avan\u00e7os na \u00e1rea de emerg\u00eancia, participando de treinamentos e cursos de capacita\u00e7\u00e3o.<\/p>\n<p>Requisitos:<br \/>\n&#8211; Forma\u00e7\u00e3o completa como T\u00e9cnico de Enfermagem, com registro ativo no COREN (ativo;<br \/>\n&#8211; Experi\u00eancia pr\u00e9via na \u00e1rea de emerg\u00eancia, com habilidades comprovadas no atendimento a pacientes em situa\u00e7\u00f5es de urg\u00eancia e emerg\u00eancia;<br \/>\n&#8211; Habilidades de relacionamento interpessoal, capacidade de decis\u00e3o e foco no resultado;<br \/>\n&#8211; Comprometimento com o atendimento humanizado e foco no cliente;<br \/>\n&#8211; Organiza\u00e7\u00e3o e habilidade para trabalhar sob press\u00e3o;<br \/>\n&#8211; Trabalho em equipe e iniciativa para propor solu\u00e7\u00f5es e melhorias;<br \/>\n&#8211; Boa capacidade de comunica\u00e7\u00e3o oral e escrita, essenciais para a correta comunica\u00e7\u00e3o com a equipe e os pacientes;<br \/>\n&#8211; Desej\u00e1vel curso de BLS (Suporte B\u00e1sico de Vida) \u2013 ser\u00e1 diferencial;<br \/>\n&#8211; Disponibilidade para atuar em escala de revezamento 12&#215;36  &#8211; SD.<\/p>\n<p>Oferecemos uma remunera\u00e7\u00e3o competitiva e benef\u00edcios atrativos, al\u00e9m de um ambiente de trabalho acolhedor e desafiador. A Casa de Sa\u00fade S\u00e3o Jos\u00e9 est\u00e1 comprometida em oferecer oportunidades de crescimento e desenvolvimento profissional para todos os colaboradores.<\/p>\n<p>Se voc\u00ea possui as habilidades e qualifica\u00e7\u00f5es necess\u00e1rias para ocupar essa posi\u00e7\u00e3o, envie seu cadastro atualizado demonstrando sua motiva\u00e7\u00e3o e interesse em fazer parte da nossa equipe. Estamos ansiosos para conhecer voc\u00ea e contar com sua contribui\u00e7\u00e3o para a excel\u00eancia do nosso atendimento na \u00e1rea de emerg\u00eancia.<\/p>\n<p>Lembramos que, de acordo com as diretrizes da Casa de Sa\u00fade S\u00e3o Jos\u00e9, todas as informa\u00e7\u00f5es fornecidas ser\u00e3o tratadas de forma confidencial, sendo utilizadas apenas para fins de sele\u00e7\u00e3o e recrutamento.<br \/>\nAgradecemos seu interesse em fazer parte da nossa equipe e entraremos em contato com os candidatos que atenderem aos requisitos estabelecidos. <\/p>\n<p>A CASA DE SA\u00daDE S\u00c3O JOS\u00c9 valoriza a diversidade e a inclus\u00e3o, portanto encorajamos candidaturas de pessoas de todos os g\u00eaneros, ra\u00e7as, etnias e backgrounds. Venha fazer parte da nossa equipe e contribuir para a presta\u00e7\u00e3o de servi\u00e7os de sa\u00fade de excel\u00eancia!<\/p>\n<p>Boa sorte!!<\/p>\n<ul>\n<li>Local de trabalho: Rio de Janeiro, RJ<\/li>\n<li>Regime de contrata\u00e7\u00e3o de tipo: Efetivo \u2013 CLT<\/li>\n<li>Jornada: Per\u00edodo Integral<\/li>\n<li>\u00c1rea e especializa\u00e7\u00e3o profissional: Sa\u00fade &#8211; Enfermagem<\/li>\n<li>N\u00edvel hier\u00e1rquico: Assistente<\/li>\n<\/ul>\n<p>HABILIDADES<\/p>\n<ul>\n<li>Relacionamento Interpessoal<\/li>\n<li>Foco no Cliente<\/li>\n<li>Capacidade de Decis\u00e3o<\/li>\n<li>Boa capacidade de Comunica\u00e7\u00e3o oral e escrita<\/li>\n<li>Curso de BLS (Suporte b\u00e1sico de vida)<\/li>\n<li>Organiza\u00e7\u00e3o<\/li>\n<li>Iniciativa<\/li>\n<li>Comprometimento com Resultado<\/li>\n<li>Trabalho em equipe<\/li>\n<\/ul>\n<p>Escolaridade M\u00ednima: Curso T\u00e9cnico<\/p>\n<p>Forma\u00e7\u00e3o desejada:<\/p>\n<ul>\n<li>Enfermagem, Curso T\u00e9cnico<\/li>\n<\/ul>\n<ul>\n<li>Almo\u00e7o<\/li>\n<li>Lanche da tarde<\/li>\n<li>Caf\u00e9 da manh\u00e3<\/li>\n<li>Vale Alimenta\u00e7\u00e3o<\/li>\n<li>Gympass<\/li>\n<li>Conv\u00eanio Farm\u00e1cia<\/li>\n<li>Assist\u00eancia Odontol\u00f3gica<\/li>\n<li>Assist\u00eancia M\u00e9dica<\/li>\n<li>Auriculoterapia<\/li>\n<li>Conv\u00eanio Sesc<\/li>\n<\/ul>\n","protected":false},"excerpt":{"rendered":"<p>A Casa de Sa\u00fade S\u00e3o Jos\u00e9 est\u00e1 em busca de um profissional T\u00e9cnico de Enfermagem para atuar na \u00e1rea de Emerg\u00eancia. Nossa institui\u00e7\u00e3o \u00e9 refer\u00eancia em qualidade de atendimento e cuidado com os pacientes, e estamos em constante busca por profissionais comprometidos e dedicados. Responsabilidades: &#8211; Prestar assist\u00eancia de enfermagem aos pacientes, seguindo os protocolos [&hellip;]<\/p>\n","protected":false},"author":1,"featured_media":0,"comment_status":"open","ping_status":"open","sticky":false,"template":"","format":"standard","meta":{"footnotes":""},"categories":[21],"tags":[],"class_list":["post-7010","post","type-post","status-publish","format-standard","hentry","category-rio-de-janeiro-rj"],"_links":{"self":[{"href":"https:\/\/vagas.portalemprego.com.br\/index.php?rest_route=\/wp\/v2\/posts\/7010","targetHints":{"allow":["GET"]}}],"collection":[{"href":"https:\/\/vagas.portalemprego.com.br\/index.php?rest_route=\/wp\/v2\/posts"}],"about":[{"href":"https:\/\/vagas.portalemprego.com.br\/index.php?rest_route=\/wp\/v2\/types\/post"}],"author":[{"embeddable":true,"href":"https:\/\/vagas.portalemprego.com.br\/index.php?rest_route=\/wp\/v2\/users\/1"}],"replies":[{"embeddable":true,"href":"https:\/\/vagas.portalemprego.com.br\/index.php?rest_route=%2Fwp%2Fv2%2Fcomments&post=7010"}],"version-history":[{"count":0,"href":"https:\/\/vagas.portalemprego.com.br\/index.php?rest_route=\/wp\/v2\/posts\/7010\/revisions"}],"wp:attachment":[{"href":"https:\/\/vagas.portalemprego.com.br\/index.php?rest_route=%2Fwp%2Fv2%2Fmedia&parent=7010"}],"wp:term":[{"taxonomy":"category","embeddable":true,"href":"https:\/\/vagas.portalemprego.com.br\/index.php?rest_route=%2Fwp%2Fv2%2Fcategories&post=7010"},{"taxonomy":"post_tag","embeddable":true,"href":"https:\/\/vagas.portalemprego.com.br\/index.php?rest_route=%2Fwp%2Fv2%2Ftags&post=7010"}],"curies":[{"name":"wp","href":"https:\/\/api.w.org\/{rel}","templated":true}]}}