{"id":7018,"date":"2026-04-29T06:25:25","date_gmt":"2026-04-29T09:25:25","guid":{"rendered":"https:\/\/vagas.portalemprego.com.br\/?p=7018"},"modified":"2026-04-29T06:25:25","modified_gmt":"2026-04-29T09:25:25","slug":"analista-de-credito-contabil-financas-economia-rio-de-janeiro","status":"publish","type":"post","link":"https:\/\/vagas.portalemprego.com.br\/?p=7018","title":{"rendered":"Analista de Cr\u00e9dito &#8211; Cont\u00e1bil, Finan\u00e7as, Economia &#8211; Rio de Janeiro"},"content":{"rendered":"<p>Pr\u00e9-Requisitos:<\/p>\n<p>Graduado em Administra\u00e7\u00e3o, Contabilidade, Gest\u00e3o Financeira, Economia ou \u00e1reas correlatas;<br \/>\nExperi\u00eancia comprovada em carteira de An\u00e1lise e concess\u00e3o de cr\u00e9dito para pessoa jur\u00eddica;<br \/>\nConhecimento da plataforma Serasa Experian;<br \/>\nLeitura\/interpreta\u00e7\u00e3o do relat\u00f3rio Serasa;<br \/>\nAvalia\u00e7\u00e3o de cen\u00e1rio de risco;<br \/>\nAn\u00e1lise de documental;<br \/>\nExcel intermedi\u00e1rio;<\/p>\n<p>Atividades:<br \/>\n&#8211; Gerar\/Interpretar relat\u00f3rios junto plataforma Serasa Experian<br \/>\n&#8211; Analisar documentos das empresas<br \/>\n&#8211; Identificar risco de cr\u00e9dito<br \/>\n&#8211; Realizar an\u00e1lise de informa\u00e7\u00f5es financeiras para avaliar a capacidade de cr\u00e9dito<br \/>\n&#8211; Identifica\u00e7\u00e3o de risco der cr\u00e9dito ou fraude<br \/>\n&#8211; Avaliar a necessidade de garantias adicionais<br \/>\n&#8211; Elaborar parecer de cr\u00e9dito<\/p>\n<p>Local de Trabalho: Bonsucesso<br \/>\nHor\u00e1rio: 07:30 \u00e0s 17:33 (segunda \u00e0 sexta)<br \/>\nContrato: Efetivo &#8211; CLT<\/p>\n<p>Empresa Oferece:<br \/>\nSal\u00e1rio:  \u00c0 combinar<br \/>\nBenef\u00edcios: VT + Refei\u00e7\u00e3o no local com desconto de R$3,00\/dia em contra cheque + Plano de Sa\u00fade e Odontol\u00f3gico (ap\u00f3s per\u00edodo de experi\u00eancia) sendo realizado um desconto mensal e coparticipa\u00e7\u00e3o em contra cheque + seguro de vida + aux\u00edlio funeral<\/p>\n<ul>\n<li>Local de trabalho: Rio de Janeiro, RJ<\/li>\n<li>Regime de contrata\u00e7\u00e3o de tipo: Efetivo \u2013 CLT<\/li>\n<li>Jornada: Per\u00edodo Integral<\/li>\n<li>\u00c1rea e especializa\u00e7\u00e3o profissional: Cont\u00e1bil, Finan\u00e7as, Economia &#8211; Cr\u00e9dito e Cobran\u00e7a<\/li>\n<li>N\u00edvel hier\u00e1rquico: Analista<\/li>\n<\/ul>\n<p>VALORIZADO<\/p>\n<p>Tempo de experi\u00eancia: Entre 3 e 5 anos<\/p>\n<p>HABILIDADES<\/p>\n<ul>\n<li>ERP<\/li>\n<li>Microsoft Excel<\/li>\n<\/ul>\n<p>Escolaridade M\u00ednima: Ensino Superior<\/p>\n<ul>\n<li>Vale-transporte<\/li>\n<li>Assist\u00eancia m\u00e9dica<\/li>\n<li>Assist\u00eancia odontol\u00f3gica<\/li>\n<li>Seguro de Vida<\/li>\n<li>Refei\u00e7\u00e3o no local<\/li>\n<\/ul>\n","protected":false},"excerpt":{"rendered":"<p>Pr\u00e9-Requisitos: Graduado em Administra\u00e7\u00e3o, Contabilidade, Gest\u00e3o Financeira, Economia ou \u00e1reas correlatas; Experi\u00eancia comprovada em carteira de An\u00e1lise e concess\u00e3o de cr\u00e9dito para pessoa jur\u00eddica; Conhecimento da plataforma Serasa Experian; Leitura\/interpreta\u00e7\u00e3o do relat\u00f3rio Serasa; Avalia\u00e7\u00e3o de cen\u00e1rio de risco; An\u00e1lise de documental; Excel intermedi\u00e1rio; Atividades: &#8211; Gerar\/Interpretar relat\u00f3rios junto plataforma Serasa Experian &#8211; Analisar documentos das [&hellip;]<\/p>\n","protected":false},"author":1,"featured_media":0,"comment_status":"open","ping_status":"open","sticky":false,"template":"","format":"standard","meta":{"footnotes":""},"categories":[21],"tags":[],"class_list":["post-7018","post","type-post","status-publish","format-standard","hentry","category-rio-de-janeiro-rj"],"_links":{"self":[{"href":"https:\/\/vagas.portalemprego.com.br\/index.php?rest_route=\/wp\/v2\/posts\/7018","targetHints":{"allow":["GET"]}}],"collection":[{"href":"https:\/\/vagas.portalemprego.com.br\/index.php?rest_route=\/wp\/v2\/posts"}],"about":[{"href":"https:\/\/vagas.portalemprego.com.br\/index.php?rest_route=\/wp\/v2\/types\/post"}],"author":[{"embeddable":true,"href":"https:\/\/vagas.portalemprego.com.br\/index.php?rest_route=\/wp\/v2\/users\/1"}],"replies":[{"embeddable":true,"href":"https:\/\/vagas.portalemprego.com.br\/index.php?rest_route=%2Fwp%2Fv2%2Fcomments&post=7018"}],"version-history":[{"count":0,"href":"https:\/\/vagas.portalemprego.com.br\/index.php?rest_route=\/wp\/v2\/posts\/7018\/revisions"}],"wp:attachment":[{"href":"https:\/\/vagas.portalemprego.com.br\/index.php?rest_route=%2Fwp%2Fv2%2Fmedia&parent=7018"}],"wp:term":[{"taxonomy":"category","embeddable":true,"href":"https:\/\/vagas.portalemprego.com.br\/index.php?rest_route=%2Fwp%2Fv2%2Fcategories&post=7018"},{"taxonomy":"post_tag","embeddable":true,"href":"https:\/\/vagas.portalemprego.com.br\/index.php?rest_route=%2Fwp%2Fv2%2Ftags&post=7018"}],"curies":[{"name":"wp","href":"https:\/\/api.w.org\/{rel}","templated":true}]}}