{"id":7021,"date":"2026-04-29T06:25:25","date_gmt":"2026-04-29T09:25:25","guid":{"rendered":"https:\/\/vagas.portalemprego.com.br\/?p=7021"},"modified":"2026-04-29T06:25:25","modified_gmt":"2026-04-29T09:25:25","slug":"enfermeiro-semi-intensiva-banco-de-talentos2-saude-rio-de-janeiro","status":"publish","type":"post","link":"https:\/\/vagas.portalemprego.com.br\/?p=7021","title":{"rendered":"Enfermeiro | Semi-Intensiva &#8211; Banco de Talentos2 &#8211; Sa\u00fade &#8211; Rio de Janeiro"},"content":{"rendered":"<p>A Casa de Sa\u00fade S\u00e3o Jos\u00e9 est\u00e1 buscando um profissional qualificado para a posi\u00e7\u00e3o de Enfermeiro Intensivista (ou Semi-intensivista) em nossa institui\u00e7\u00e3o.<\/p>\n<p>Requisitos:<br \/>\n&#8211; Superior em Enfermagem, Coren ativo;<br \/>\n&#8211; Apresentar NADA CONSTA do Coren &#8211; sem d\u00e9bitos ( ok se houver parcelamentos);<br \/>\n&#8211; Especializa\u00e7\u00e3o completa ou cursando em \u00e1reas correlatas;<br \/>\n&#8211; S\u00f3lida viv\u00eancia em unidades de Terapia Intensiva ou semi-intensiva ;<br \/>\n&#8211; Boa flu\u00eancia verbal;<br \/>\n&#8211; Conhecimento s\u00f3lido em Sistematiza\u00e7\u00e3o da Assist\u00eancia de Enfermagem \u2013 SAE.<br \/>\n&#8211; Ter disponibilidade para regime de plant\u00e3o 12&#215;36 \u2013 08h00 as 20h00<\/p>\n<p>Como Enfermeiro, voc\u00ea ser\u00e1 respons\u00e1vel por interagir com a equipe multidisciplinar, executar procedimentos espec\u00edficos de sua compet\u00eancia e colaborar na implementa\u00e7\u00e3o de normas, rotinas e procedimentos t\u00e9cnicos.<br \/>\nNossa institui\u00e7\u00e3o valoriza profissionais que mostram comprometimento com o cuidado dos pacientes, excel\u00eancia t\u00e9cnica e habilidades de comunica\u00e7\u00e3o eficientes. Al\u00e9m disso, buscamos candidatos com uma atitude positiva, proativa, flex\u00edvel a mudan\u00e7as e que estejam dispostos a aprender em conjunto com a equipe multidisciplinar.<\/p>\n<p>A Casa de Sa\u00fade S\u00e3o Jos\u00e9 \u00e9 refer\u00eancia em atendimento de alta qualidade, contando com uma infraestrutura moderna e equipamentos de \u00faltima gera\u00e7\u00e3o. Nossa equipe \u00e9 composta por profissionais altamente capacitados e comprometidos em oferecer um atendimento personalizado e seguro aos nossos pacientes.<\/p>\n<p>Oferecemos sal\u00e1rio competitivo e benef\u00edcios atrativos, al\u00e9m de um ambiente de trabalho acolhedor e colaborativo. Voc\u00ea ter\u00e1 a oportunidade de trabalhar em um ambiente profissional estimulante, com desafios constantes e possibilidades de crescimento e desenvolvimento profissional.<\/p>\n<p>Se voc\u00ea est\u00e1 buscando uma oportunidade para se destacar como Enfermeiro, envie seu curr\u00edculo atualizado. Estamos ansiosos para conhecer voc\u00ea e discutir como sua experi\u00eancia e habilidades podem contribuir para o sucesso da Casa de Sa\u00fade S\u00e3o Jos\u00e9.<\/p>\n<p>N\u00e3o perca essa oportunidade de se juntar a uma equipe dedicada e comprometida com o cuidado ao paciente. Envie seu curr\u00edculo agora mesmo e fa\u00e7a parte da equipe da Casa de Sa\u00fade S\u00e3o Jos\u00e9!<\/p>\n<ul>\n<li>N\u00famero de vagas: 2<\/li>\n<li>Local de trabalho: Rio de Janeiro, RJ<\/li>\n<li>Regime de contrata\u00e7\u00e3o de tipo: Efetivo \u2013 CLT<\/li>\n<li>Jornada: Per\u00edodo Integral<\/li>\n<li>\u00c1rea e especializa\u00e7\u00e3o profissional: Sa\u00fade &#8211; Enfermagem<\/li>\n<li>N\u00edvel hier\u00e1rquico: Analista<\/li>\n<\/ul>\n<p>HABILIDADES<\/p>\n<ul>\n<li>Adaptabilidade<\/li>\n<li>Gest\u00e3o de conflitos<\/li>\n<li>Lideran\u00e7a<\/li>\n<li>Tomada de decis\u00e3o<\/li>\n<li>Conhecimento cientifico<\/li>\n<li>Boa dic\u00e7\u00e3o e flu\u00eancia verbal<\/li>\n<li>Intelig\u00eancia Emocional<\/li>\n<li>S\u00f3lido conhecimento de SAE<\/li>\n<li>Coren Ativo<\/li>\n<li>Proatividade<\/li>\n<\/ul>\n<p>Escolaridade M\u00ednima: Ensino Superior<\/p>\n<ul>\n<li>Telenutri\u00e7\u00e3o<\/li>\n<li>Almo\u00e7o<\/li>\n<li>Conv\u00eanio Farm\u00e1cia<\/li>\n<li>Caf\u00e9 da manh\u00e3<\/li>\n<li>Lanche da tarde<\/li>\n<li>Atendimento Social<\/li>\n<li>Conv\u00eanio Sesc<\/li>\n<li>Gympass<\/li>\n<li>Vale Alimenta\u00e7\u00e3o<\/li>\n<li>Assist\u00eancia Odontol\u00f3gica<\/li>\n<li>Telepsicologia<\/li>\n<li>Auriculoterapia<\/li>\n<li>Assist\u00eancia M\u00e9dica<\/li>\n<li>Plataforma de Cursos<\/li>\n<\/ul>\n","protected":false},"excerpt":{"rendered":"<p>A Casa de Sa\u00fade S\u00e3o Jos\u00e9 est\u00e1 buscando um profissional qualificado para a posi\u00e7\u00e3o de Enfermeiro Intensivista (ou Semi-intensivista) em nossa institui\u00e7\u00e3o. Requisitos: &#8211; Superior em Enfermagem, Coren ativo; &#8211; Apresentar NADA CONSTA do Coren &#8211; sem d\u00e9bitos ( ok se houver parcelamentos); &#8211; Especializa\u00e7\u00e3o completa ou cursando em \u00e1reas correlatas; &#8211; S\u00f3lida viv\u00eancia em [&hellip;]<\/p>\n","protected":false},"author":1,"featured_media":0,"comment_status":"open","ping_status":"open","sticky":false,"template":"","format":"standard","meta":{"footnotes":""},"categories":[21],"tags":[],"class_list":["post-7021","post","type-post","status-publish","format-standard","hentry","category-rio-de-janeiro-rj"],"_links":{"self":[{"href":"https:\/\/vagas.portalemprego.com.br\/index.php?rest_route=\/wp\/v2\/posts\/7021","targetHints":{"allow":["GET"]}}],"collection":[{"href":"https:\/\/vagas.portalemprego.com.br\/index.php?rest_route=\/wp\/v2\/posts"}],"about":[{"href":"https:\/\/vagas.portalemprego.com.br\/index.php?rest_route=\/wp\/v2\/types\/post"}],"author":[{"embeddable":true,"href":"https:\/\/vagas.portalemprego.com.br\/index.php?rest_route=\/wp\/v2\/users\/1"}],"replies":[{"embeddable":true,"href":"https:\/\/vagas.portalemprego.com.br\/index.php?rest_route=%2Fwp%2Fv2%2Fcomments&post=7021"}],"version-history":[{"count":0,"href":"https:\/\/vagas.portalemprego.com.br\/index.php?rest_route=\/wp\/v2\/posts\/7021\/revisions"}],"wp:attachment":[{"href":"https:\/\/vagas.portalemprego.com.br\/index.php?rest_route=%2Fwp%2Fv2%2Fmedia&parent=7021"}],"wp:term":[{"taxonomy":"category","embeddable":true,"href":"https:\/\/vagas.portalemprego.com.br\/index.php?rest_route=%2Fwp%2Fv2%2Fcategories&post=7021"},{"taxonomy":"post_tag","embeddable":true,"href":"https:\/\/vagas.portalemprego.com.br\/index.php?rest_route=%2Fwp%2Fv2%2Ftags&post=7021"}],"curies":[{"name":"wp","href":"https:\/\/api.w.org\/{rel}","templated":true}]}}