{"id":7055,"date":"2026-04-29T06:32:32","date_gmt":"2026-04-29T09:32:32","guid":{"rendered":"https:\/\/vagas.portalemprego.com.br\/?p=7055"},"modified":"2026-04-29T06:32:32","modified_gmt":"2026-04-29T09:32:32","slug":"auxiliar-de-cozinha-alimentacao-gastronomia-rio-de-janeiro-52","status":"publish","type":"post","link":"https:\/\/vagas.portalemprego.com.br\/?p=7055","title":{"rendered":"AUXILIAR DE COZINHA &#8211; Alimenta\u00e7\u00e3o \/ Gastronomia &#8211; Rio de Janeiro"},"content":{"rendered":"<p>VAGA PARA AUXILIAR DE COZINHA &#8211; ILHA DO GOVERNADOR &#8211; QUIOSQUE SAX<\/p>\n<p>Voc\u00ea \u00e9 apaixonado(a) por cozinha e quer fazer parte de um time dedicado a criar pratos deliciosos e de qualidade? Ent\u00e3o essa oportunidade \u00e9 para voc\u00ea!  <\/p>\n<p>O Quiosque Sax est\u00e1 contratando um(a) novo(a) colaborador(a) para ajudar a transformar a experi\u00eancia Sax em algo ainda mais incr\u00edvel!<\/p>\n<p>REQUISITOS<\/p>\n<p>Morar na Ilha do Governador.<br \/>\nEnsino Fundamental Completo.<br \/>\nDisponibilidade de hor\u00e1rio.<br \/>\nExperi\u00eancia na fun\u00e7\u00e3o com manuseio de fritadeira e lava-lou\u00e7as industriais.<\/p>\n<p>PERFIL NECESS\u00c1RIO:<\/p>\n<p>Profissional respons\u00e1vel, comprometido (a) com higiene, qualidade, efici\u00eancia e agilidade no trabalho. Que esteja sempre disposto(a) a colaborar com a equipe, demonstre proatividade, dedica\u00e7\u00e3o e forte compromisso com as responsabilidades. Que seja organizado (a) e que siga rigorosamente os processos estabelecidos.<br \/>\n?<br \/>\nATRIBUI\u00c7\u00d5ES:<\/p>\n<p>-Montar os pratos;<br \/>\n-Fritar os alimentos;<br \/>\n-Lavar lou\u00e7as;<br \/>\n-Manter o ambiente de trabalho limpo e organizado;<br \/>\n-Dentre outras atividades pertinentes ao cargo.<\/p>\n<p>BENEF\u00cdCIOS:<\/p>\n<p>Sal\u00e1rio compat\u00edvel com o mercado.<br \/>\nVale Transporte.<br \/>\nComiss\u00e3o sobre vendas nas mesas.<\/p>\n<p>Regime CLT &#8211; 2 vagas<br \/>\nJornada: 44 horas semanais <\/p>\n<p>Hor\u00e1rios:<br \/>\nDia: ter\u00e7a \/Quarta\/Quinta\/Domingo: 9:30h \u00e0s 17:30h &#8211; Sexta\/S\u00e1bado: 10:00h \u00e0s  17:30h<\/p>\n<p>Noite: Ter\u00e7a \/Quarta\/Quinta\/Domingo: 17:30h  \u00e0s 00:00h &#8211; Sexta\/S\u00e1bado: 17:30h \u00e0s 2:00h<\/p>\n<p>Folga semanal \u00e0s segundas-feiras e escala de folga aos domingos.<\/p>\n<ul>\n<li>Local de trabalho: Rio de Janeiro, RJ<\/li>\n<li>Regime de contrata\u00e7\u00e3o de tipo: Efetivo \u2013 CLT<\/li>\n<li>Jornada: Per\u00edodo Integral<\/li>\n<li>\u00c1rea e especializa\u00e7\u00e3o profissional: Alimenta\u00e7\u00e3o \/ Gastronomia &#8211; Cozinha<\/li>\n<li>N\u00edvel hier\u00e1rquico: Auxiliar<\/li>\n<\/ul>\n<p>HABILIDADES<\/p>\n<ul>\n<li>AGILIDADE<\/li>\n<li>PROATIVIDADE<\/li>\n<li>PREOCUPA\u00c7\u00c3O COM HIGIENE<\/li>\n<\/ul>\n<p>Escolaridade M\u00ednima: Ensino Fundamental (1\u00ba grau)<\/p>\n<ul>\n<li>Comiss\u00e3o<\/li>\n<li>Vale transporte<\/li>\n<li>Refei\u00e7\u00e3o no local<\/li>\n<\/ul>\n","protected":false},"excerpt":{"rendered":"<p>VAGA PARA AUXILIAR DE COZINHA &#8211; ILHA DO GOVERNADOR &#8211; QUIOSQUE SAX Voc\u00ea \u00e9 apaixonado(a) por cozinha e quer fazer parte de um time dedicado a criar pratos deliciosos e de qualidade? Ent\u00e3o essa oportunidade \u00e9 para voc\u00ea! O Quiosque Sax est\u00e1 contratando um(a) novo(a) colaborador(a) para ajudar a transformar a experi\u00eancia Sax em algo [&hellip;]<\/p>\n","protected":false},"author":1,"featured_media":0,"comment_status":"open","ping_status":"open","sticky":false,"template":"","format":"standard","meta":{"footnotes":""},"categories":[21],"tags":[],"class_list":["post-7055","post","type-post","status-publish","format-standard","hentry","category-rio-de-janeiro-rj"],"_links":{"self":[{"href":"https:\/\/vagas.portalemprego.com.br\/index.php?rest_route=\/wp\/v2\/posts\/7055","targetHints":{"allow":["GET"]}}],"collection":[{"href":"https:\/\/vagas.portalemprego.com.br\/index.php?rest_route=\/wp\/v2\/posts"}],"about":[{"href":"https:\/\/vagas.portalemprego.com.br\/index.php?rest_route=\/wp\/v2\/types\/post"}],"author":[{"embeddable":true,"href":"https:\/\/vagas.portalemprego.com.br\/index.php?rest_route=\/wp\/v2\/users\/1"}],"replies":[{"embeddable":true,"href":"https:\/\/vagas.portalemprego.com.br\/index.php?rest_route=%2Fwp%2Fv2%2Fcomments&post=7055"}],"version-history":[{"count":0,"href":"https:\/\/vagas.portalemprego.com.br\/index.php?rest_route=\/wp\/v2\/posts\/7055\/revisions"}],"wp:attachment":[{"href":"https:\/\/vagas.portalemprego.com.br\/index.php?rest_route=%2Fwp%2Fv2%2Fmedia&parent=7055"}],"wp:term":[{"taxonomy":"category","embeddable":true,"href":"https:\/\/vagas.portalemprego.com.br\/index.php?rest_route=%2Fwp%2Fv2%2Fcategories&post=7055"},{"taxonomy":"post_tag","embeddable":true,"href":"https:\/\/vagas.portalemprego.com.br\/index.php?rest_route=%2Fwp%2Fv2%2Ftags&post=7055"}],"curies":[{"name":"wp","href":"https:\/\/api.w.org\/{rel}","templated":true}]}}