{"id":7061,"date":"2026-04-29T06:32:32","date_gmt":"2026-04-29T09:32:32","guid":{"rendered":"https:\/\/vagas.portalemprego.com.br\/?p=7061"},"modified":"2026-04-29T06:32:32","modified_gmt":"2026-04-29T09:32:32","slug":"vendedor-comercial-vendas-macae","status":"publish","type":"post","link":"https:\/\/vagas.portalemprego.com.br\/?p=7061","title":{"rendered":"Vendedor &#8211; Comercial, Vendas &#8211; Maca\u00e9"},"content":{"rendered":"<p>Atendimento ao cliente <\/p>\n<p>Negocia\u00e7\u00e3o de pre\u00e7os, prazos, condi\u00e7\u00f5es de pagamento e descontos <\/p>\n<p>Orienta\u00e7\u00e3o sobre especifica\u00e7\u00f5es de produtos e servi\u00e7os<br \/>\nControle de pedidos, qualidade de produtos e prazos de entrega <\/p>\n<p>Aux\u00edlio na escolha de produtos, demonstra\u00e7\u00e3o de funcionamento, degusta\u00e7\u00e3o ou distribui\u00e7\u00e3o de amostras <\/p>\n<p>Controle de estoque.<\/p>\n<ul>\n<li>Local de trabalho: Maca\u00e9, RJ<\/li>\n<li>Regime de contrata\u00e7\u00e3o de tipo: Outros<\/li>\n<li>Jornada: Per\u00edodo Integral<\/li>\n<li>\u00c1rea e especializa\u00e7\u00e3o profissional: Comercial, Vendas &#8211; Atendimento<\/li>\n<li>N\u00edvel hier\u00e1rquico: Operacional<\/li>\n<\/ul>\n<p>Escolaridade M\u00ednima: Ensino M\u00e9dio (2\u00ba Grau)<\/p>\n","protected":false},"excerpt":{"rendered":"<p>Atendimento ao cliente Negocia\u00e7\u00e3o de pre\u00e7os, prazos, condi\u00e7\u00f5es de pagamento e descontos Orienta\u00e7\u00e3o sobre especifica\u00e7\u00f5es de produtos e servi\u00e7os Controle de pedidos, qualidade de produtos e prazos de entrega Aux\u00edlio na escolha de produtos, demonstra\u00e7\u00e3o de funcionamento, degusta\u00e7\u00e3o ou distribui\u00e7\u00e3o de amostras Controle de estoque. Local de trabalho: Maca\u00e9, RJ Regime de contrata\u00e7\u00e3o de tipo: [&hellip;]<\/p>\n","protected":false},"author":1,"featured_media":0,"comment_status":"open","ping_status":"open","sticky":false,"template":"","format":"standard","meta":{"footnotes":""},"categories":[21],"tags":[],"class_list":["post-7061","post","type-post","status-publish","format-standard","hentry","category-rio-de-janeiro-rj"],"_links":{"self":[{"href":"https:\/\/vagas.portalemprego.com.br\/index.php?rest_route=\/wp\/v2\/posts\/7061","targetHints":{"allow":["GET"]}}],"collection":[{"href":"https:\/\/vagas.portalemprego.com.br\/index.php?rest_route=\/wp\/v2\/posts"}],"about":[{"href":"https:\/\/vagas.portalemprego.com.br\/index.php?rest_route=\/wp\/v2\/types\/post"}],"author":[{"embeddable":true,"href":"https:\/\/vagas.portalemprego.com.br\/index.php?rest_route=\/wp\/v2\/users\/1"}],"replies":[{"embeddable":true,"href":"https:\/\/vagas.portalemprego.com.br\/index.php?rest_route=%2Fwp%2Fv2%2Fcomments&post=7061"}],"version-history":[{"count":0,"href":"https:\/\/vagas.portalemprego.com.br\/index.php?rest_route=\/wp\/v2\/posts\/7061\/revisions"}],"wp:attachment":[{"href":"https:\/\/vagas.portalemprego.com.br\/index.php?rest_route=%2Fwp%2Fv2%2Fmedia&parent=7061"}],"wp:term":[{"taxonomy":"category","embeddable":true,"href":"https:\/\/vagas.portalemprego.com.br\/index.php?rest_route=%2Fwp%2Fv2%2Fcategories&post=7061"},{"taxonomy":"post_tag","embeddable":true,"href":"https:\/\/vagas.portalemprego.com.br\/index.php?rest_route=%2Fwp%2Fv2%2Ftags&post=7061"}],"curies":[{"name":"wp","href":"https:\/\/api.w.org\/{rel}","templated":true}]}}