{"id":7062,"date":"2026-04-29T06:32:32","date_gmt":"2026-04-29T09:32:32","guid":{"rendered":"https:\/\/vagas.portalemprego.com.br\/?p=7062"},"modified":"2026-04-29T06:32:32","modified_gmt":"2026-04-29T09:32:32","slug":"coordenador-de-operacoes-logistica-rio-de-janeiro-2","status":"publish","type":"post","link":"https:\/\/vagas.portalemprego.com.br\/?p=7062","title":{"rendered":"Coordenador de Opera\u00e7\u00f5es &#8211; Log\u00edstica &#8211; Rio de Janeiro"},"content":{"rendered":"<p>Requisitos:<br \/>\nExcel Avan\u00e7ado (Ser\u00e1 testado);<br \/>\nGradua\u00e7\u00e3o em Administra\u00e7\u00e3o, Engenharia de Produ\u00e7\u00e3o, Log\u00edstica ou \u00e1reas afins.<br \/>\nExperi\u00eancia comprovada em gest\u00e3o de opera\u00e7\u00f5es e lideran\u00e7a de equipes.<br \/>\nHabilidade em analisar dados e utilizar ferramentas de gest\u00e3o.<br \/>\nExcelentes habilidades de comunica\u00e7\u00e3o e relacionamento interpessoal.<br \/>\nCapacidade de tomar decis\u00f5es sob press\u00e3o e resolver problemas complexos.<br \/>\nConhecimento em metodologias de melhoria cont\u00ednua (Lean, Six Sigma, PDCA, SWOT etc&#8230;).<\/p>\n<ul>\n<li>Local de trabalho: Rio de Janeiro, RJ<\/li>\n<li>Regime de contrata\u00e7\u00e3o de tipo: Efetivo \u2013 CLT<\/li>\n<li>Jornada: Parcial manh\u00e3s<\/li>\n<li>\u00c1rea e especializa\u00e7\u00e3o profissional: Log\u00edstica &#8211; Log\u00edstica<\/li>\n<li>N\u00edvel hier\u00e1rquico: Coordenador<\/li>\n<\/ul>\n<p>VALORIZADO<\/p>\n<p>Tempo de experi\u00eancia: Entre 1 e 3 anos<\/p>\n<p>Escolaridade M\u00ednima: Ensino Superior<\/p>\n<ul>\n<li>Vale Transporte<\/li>\n<li>Vale Refei\u00e7\u00e3o<\/li>\n<li>Conv\u00eanio com faculdade<\/li>\n<li>Cesta B\u00e1sica<\/li>\n<li>Plano de Sa\u00fade<\/li>\n<\/ul>\n","protected":false},"excerpt":{"rendered":"<p>Requisitos: Excel Avan\u00e7ado (Ser\u00e1 testado); Gradua\u00e7\u00e3o em Administra\u00e7\u00e3o, Engenharia de Produ\u00e7\u00e3o, Log\u00edstica ou \u00e1reas afins. Experi\u00eancia comprovada em gest\u00e3o de opera\u00e7\u00f5es e lideran\u00e7a de equipes. Habilidade em analisar dados e utilizar ferramentas de gest\u00e3o. Excelentes habilidades de comunica\u00e7\u00e3o e relacionamento interpessoal. Capacidade de tomar decis\u00f5es sob press\u00e3o e resolver problemas complexos. Conhecimento em metodologias de [&hellip;]<\/p>\n","protected":false},"author":1,"featured_media":0,"comment_status":"open","ping_status":"open","sticky":false,"template":"","format":"standard","meta":{"footnotes":""},"categories":[21],"tags":[],"class_list":["post-7062","post","type-post","status-publish","format-standard","hentry","category-rio-de-janeiro-rj"],"_links":{"self":[{"href":"https:\/\/vagas.portalemprego.com.br\/index.php?rest_route=\/wp\/v2\/posts\/7062","targetHints":{"allow":["GET"]}}],"collection":[{"href":"https:\/\/vagas.portalemprego.com.br\/index.php?rest_route=\/wp\/v2\/posts"}],"about":[{"href":"https:\/\/vagas.portalemprego.com.br\/index.php?rest_route=\/wp\/v2\/types\/post"}],"author":[{"embeddable":true,"href":"https:\/\/vagas.portalemprego.com.br\/index.php?rest_route=\/wp\/v2\/users\/1"}],"replies":[{"embeddable":true,"href":"https:\/\/vagas.portalemprego.com.br\/index.php?rest_route=%2Fwp%2Fv2%2Fcomments&post=7062"}],"version-history":[{"count":0,"href":"https:\/\/vagas.portalemprego.com.br\/index.php?rest_route=\/wp\/v2\/posts\/7062\/revisions"}],"wp:attachment":[{"href":"https:\/\/vagas.portalemprego.com.br\/index.php?rest_route=%2Fwp%2Fv2%2Fmedia&parent=7062"}],"wp:term":[{"taxonomy":"category","embeddable":true,"href":"https:\/\/vagas.portalemprego.com.br\/index.php?rest_route=%2Fwp%2Fv2%2Fcategories&post=7062"},{"taxonomy":"post_tag","embeddable":true,"href":"https:\/\/vagas.portalemprego.com.br\/index.php?rest_route=%2Fwp%2Fv2%2Ftags&post=7062"}],"curies":[{"name":"wp","href":"https:\/\/api.w.org\/{rel}","templated":true}]}}