{"id":7066,"date":"2026-04-29T06:32:32","date_gmt":"2026-04-29T09:32:32","guid":{"rendered":"https:\/\/vagas.portalemprego.com.br\/?p=7066"},"modified":"2026-04-29T06:32:32","modified_gmt":"2026-04-29T09:32:32","slug":"gestor-comercial-comercial-vendas-macae","status":"publish","type":"post","link":"https:\/\/vagas.portalemprego.com.br\/?p=7066","title":{"rendered":"Gestor Comercial &#8211; Comercial, Vendas &#8211; Maca\u00e9"},"content":{"rendered":"<p>Estimado(a) Candidato(a),<\/p>\n<p>N\u00f3s estamos encantados em estender uma oferta de emprego para o cargo de Gestor Comercial na nossa filial em RHF Rio de Janeiro &#8211; Leblon. PARA ATUAR EM MACA\u00c9 E REGI\u00c3O.<br \/>\nAtrav\u00e9s de nossa an\u00e1lise detalhada, conclu\u00edmos que voc\u00ea \u00e9 um candidato altamente qualificado para este cargo, gra\u00e7as \u00e0s suas habilidades em Venda B2B, gradua\u00e7\u00e3o em Administra\u00e7\u00e3o, Marketing, Engenharia ou Gest\u00e3o Comercial, e preferencialmente com p\u00f3s-gradua\u00e7\u00e3o\/especializa\u00e7\u00e3o.<\/p>\n<p>Al\u00e9m disso, sua experi\u00eancia em lideran\u00e7a de equipe, conhecimento em CRM e funil de vendas, desenvolvimento de neg\u00f3cios, ingl\u00eas fluente, disponibilidade para viagem e disposi\u00e7\u00e3o para atuar em Maca\u00e9 os tornam um candidato ideal para nossa equipe.<\/p>\n<p>Como Gestor Comercial, voc\u00ea ser\u00e1 respons\u00e1vel por liderar nossas atividades de vendas e desenvolvimento de neg\u00f3cios, al\u00e9m de gerenciar e motivar sua equipe para alcan\u00e7ar nossos objetivos comerciais.<br \/>\nN\u00f3s acreditamos que sua expertise e paix\u00e3o por vendas ser\u00e3o fundamentais para o sucesso da nossa equipe.<\/p>\n<p>Acompanharemos o processo de integra\u00e7\u00e3o cuidadosamente para garantir que voc\u00ea se sinta confort\u00e1vel e pronto para enfrentar os desafios do seu novo cargo.<br \/>\nNosso objetivo \u00e9 criar um ambiente de trabalho positivo e produtivo, no qual todos possam se desenvolver e prosperar.<\/p>\n<p>Aguardo a sua resposta e esperamos dar as boas-vindas a voc\u00ea \u00e0 nossa equipe.<\/p>\n<p>Equipe de RHF Rio de Janeiro &#8211; Leblon<\/p>\n<ul>\n<li>Local de trabalho: Maca\u00e9, RJ<\/li>\n<li>Regime de contrata\u00e7\u00e3o de tipo: Efetivo \u2013 CLT<\/li>\n<li>Jornada: Per\u00edodo Integral<\/li>\n<li>\u00c1rea e especializa\u00e7\u00e3o profissional: Comercial, Vendas &#8211; Venda T\u00e9cnica<\/li>\n<li>N\u00edvel hier\u00e1rquico: Gerente<\/li>\n<\/ul>\n<p>HABILIDADES<\/p>\n<ul>\n<li>CONHECIMENTO COM CRM E FUNIL DE VENDAS<\/li>\n<li>P\u00d3S GRADUA\u00c7\u00c3O\/ESPECIALIZA\u00c7\u00c3O<\/li>\n<li>GRADUA\u00c7\u00c3O EM ADMINISTRA\u00c7\u00c3O,  MARKETING, ENGENHARIA OU GEST\u00c3O COMERCIAL<\/li>\n<li>VENDA B2B<\/li>\n<li>LIDERAN\u00c7A DE EQUIPE<\/li>\n<li>ATUAR EM MACA\u00c9<\/li>\n<li>DISPONIBILIDADE PARA VIAGEM<\/li>\n<li>INGL\u00caS FLUENTE<\/li>\n<li>DESENVOLVIMENTOS DE NEG\u00d3CIOS<\/li>\n<\/ul>\n<p>Escolaridade M\u00ednima: P\u00f3s-gradua\u00e7\u00e3o &#8211; Especializa\u00e7\u00e3o\/MBA<\/p>\n","protected":false},"excerpt":{"rendered":"<p>Estimado(a) Candidato(a), N\u00f3s estamos encantados em estender uma oferta de emprego para o cargo de Gestor Comercial na nossa filial em RHF Rio de Janeiro &#8211; Leblon. PARA ATUAR EM MACA\u00c9 E REGI\u00c3O. Atrav\u00e9s de nossa an\u00e1lise detalhada, conclu\u00edmos que voc\u00ea \u00e9 um candidato altamente qualificado para este cargo, gra\u00e7as \u00e0s suas habilidades em Venda [&hellip;]<\/p>\n","protected":false},"author":1,"featured_media":0,"comment_status":"open","ping_status":"open","sticky":false,"template":"","format":"standard","meta":{"footnotes":""},"categories":[21],"tags":[],"class_list":["post-7066","post","type-post","status-publish","format-standard","hentry","category-rio-de-janeiro-rj"],"_links":{"self":[{"href":"https:\/\/vagas.portalemprego.com.br\/index.php?rest_route=\/wp\/v2\/posts\/7066","targetHints":{"allow":["GET"]}}],"collection":[{"href":"https:\/\/vagas.portalemprego.com.br\/index.php?rest_route=\/wp\/v2\/posts"}],"about":[{"href":"https:\/\/vagas.portalemprego.com.br\/index.php?rest_route=\/wp\/v2\/types\/post"}],"author":[{"embeddable":true,"href":"https:\/\/vagas.portalemprego.com.br\/index.php?rest_route=\/wp\/v2\/users\/1"}],"replies":[{"embeddable":true,"href":"https:\/\/vagas.portalemprego.com.br\/index.php?rest_route=%2Fwp%2Fv2%2Fcomments&post=7066"}],"version-history":[{"count":0,"href":"https:\/\/vagas.portalemprego.com.br\/index.php?rest_route=\/wp\/v2\/posts\/7066\/revisions"}],"wp:attachment":[{"href":"https:\/\/vagas.portalemprego.com.br\/index.php?rest_route=%2Fwp%2Fv2%2Fmedia&parent=7066"}],"wp:term":[{"taxonomy":"category","embeddable":true,"href":"https:\/\/vagas.portalemprego.com.br\/index.php?rest_route=%2Fwp%2Fv2%2Fcategories&post=7066"},{"taxonomy":"post_tag","embeddable":true,"href":"https:\/\/vagas.portalemprego.com.br\/index.php?rest_route=%2Fwp%2Fv2%2Ftags&post=7066"}],"curies":[{"name":"wp","href":"https:\/\/api.w.org\/{rel}","templated":true}]}}