{"id":7068,"date":"2026-04-29T06:32:32","date_gmt":"2026-04-29T09:32:32","guid":{"rendered":"https:\/\/vagas.portalemprego.com.br\/?p=7068"},"modified":"2026-04-29T06:32:32","modified_gmt":"2026-04-29T09:32:32","slug":"vendedor-interno-comercial-vendas-rio-de-janeiro-8","status":"publish","type":"post","link":"https:\/\/vagas.portalemprego.com.br\/?p=7068","title":{"rendered":"Vendedor Interno &#8211; Comercial, Vendas &#8211; Rio de Janeiro"},"content":{"rendered":"<p>A Cl\u00ednica Bianco, com mais de uma unidade e uma s\u00f3lida reputa\u00e7\u00e3o no setor da sa\u00fade, est\u00e1 \u00e0 procura de novos talentos para se juntarem \u00e0 sua equipe.  <\/p>\n<p>Com servi\u00e7os de excel\u00eancia nas \u00e1reas de Cirurgia Pl\u00e1stica, Oftalmologia, Dermatologia, Nutrologia, Nutri\u00e7\u00e3o e Fisioterapia Est\u00e9tica, possuem o foco no bem-estar e na satisfa\u00e7\u00e3o de seus pacientes.<\/p>\n<p>Estamos \u00e0 procura de um Vendedor Interno para se juntar \u00e0 equipe de excel\u00eancia e trabalhar diretamente com o Dr. Fernando Bianco na venda de procedimentos est\u00e9ticos.<br \/>\nNesta posi\u00e7\u00e3o, o candidato ter\u00e1 a oportunidade de atuar num ambiente din\u00e2mico e inovador, onde o foco \u00e9 garantir a melhor experi\u00eancia aos pacientes.<br \/>\nReportando a(ao) Diretor geral, ter\u00e1 as seguintes responsabilidades principais:<br \/>\n1. Atendimento aos pacientes interessados nos nossos servi\u00e7os de cirurgia pl\u00e1stica de ponta a ponta.<br \/>\n2. Prospec\u00e7\u00e3o ativa de novos clientes e oportunidades de neg\u00f3cios, contribuindo para o crescimento da cl\u00ednica.<br \/>\n3. Qualificar potenciais clientes;<br \/>\n4. Atendimento comercial via Whatsapp, Instagram e demais redes da empresa.<br \/>\n5. Realizar agendamentos de visitas \u00e0 clinica para consultas.<\/p>\n<ul>\n<li>Local de trabalho: Rio de Janeiro, RJ<\/li>\n<li>Regime de contrata\u00e7\u00e3o de tipo: Efetivo \u2013 CLT<\/li>\n<li>Jornada: Per\u00edodo Integral<\/li>\n<li>\u00c1rea e especializa\u00e7\u00e3o profissional: Comercial, Vendas &#8211; Venda Interna<\/li>\n<li>N\u00edvel hier\u00e1rquico: Consultor<\/li>\n<\/ul>\n<p>Escolaridade M\u00ednima: Ensino M\u00e9dio (2\u00ba Grau)<\/p>\n","protected":false},"excerpt":{"rendered":"<p>A Cl\u00ednica Bianco, com mais de uma unidade e uma s\u00f3lida reputa\u00e7\u00e3o no setor da sa\u00fade, est\u00e1 \u00e0 procura de novos talentos para se juntarem \u00e0 sua equipe. Com servi\u00e7os de excel\u00eancia nas \u00e1reas de Cirurgia Pl\u00e1stica, Oftalmologia, Dermatologia, Nutrologia, Nutri\u00e7\u00e3o e Fisioterapia Est\u00e9tica, possuem o foco no bem-estar e na satisfa\u00e7\u00e3o de seus pacientes. [&hellip;]<\/p>\n","protected":false},"author":1,"featured_media":0,"comment_status":"open","ping_status":"open","sticky":false,"template":"","format":"standard","meta":{"footnotes":""},"categories":[21],"tags":[],"class_list":["post-7068","post","type-post","status-publish","format-standard","hentry","category-rio-de-janeiro-rj"],"_links":{"self":[{"href":"https:\/\/vagas.portalemprego.com.br\/index.php?rest_route=\/wp\/v2\/posts\/7068","targetHints":{"allow":["GET"]}}],"collection":[{"href":"https:\/\/vagas.portalemprego.com.br\/index.php?rest_route=\/wp\/v2\/posts"}],"about":[{"href":"https:\/\/vagas.portalemprego.com.br\/index.php?rest_route=\/wp\/v2\/types\/post"}],"author":[{"embeddable":true,"href":"https:\/\/vagas.portalemprego.com.br\/index.php?rest_route=\/wp\/v2\/users\/1"}],"replies":[{"embeddable":true,"href":"https:\/\/vagas.portalemprego.com.br\/index.php?rest_route=%2Fwp%2Fv2%2Fcomments&post=7068"}],"version-history":[{"count":0,"href":"https:\/\/vagas.portalemprego.com.br\/index.php?rest_route=\/wp\/v2\/posts\/7068\/revisions"}],"wp:attachment":[{"href":"https:\/\/vagas.portalemprego.com.br\/index.php?rest_route=%2Fwp%2Fv2%2Fmedia&parent=7068"}],"wp:term":[{"taxonomy":"category","embeddable":true,"href":"https:\/\/vagas.portalemprego.com.br\/index.php?rest_route=%2Fwp%2Fv2%2Fcategories&post=7068"},{"taxonomy":"post_tag","embeddable":true,"href":"https:\/\/vagas.portalemprego.com.br\/index.php?rest_route=%2Fwp%2Fv2%2Ftags&post=7068"}],"curies":[{"name":"wp","href":"https:\/\/api.w.org\/{rel}","templated":true}]}}