{"id":7070,"date":"2026-04-29T06:32:32","date_gmt":"2026-04-29T09:32:32","guid":{"rendered":"https:\/\/vagas.portalemprego.com.br\/?p=7070"},"modified":"2026-04-29T06:32:32","modified_gmt":"2026-04-29T09:32:32","slug":"engenheiro-senior-administracao-rio-de-janeiro","status":"publish","type":"post","link":"https:\/\/vagas.portalemprego.com.br\/?p=7070","title":{"rendered":"Engenheiro S\u00eanior &#8211; Administra\u00e7\u00e3o &#8211; Rio de Janeiro"},"content":{"rendered":"<p>Atividades:<\/p>\n<p>&#8211; Integra\u00e7\u00e3o, estrutura\u00e7\u00e3o e automa\u00e7\u00e3o de processos (ferramentas e dados);<br \/>\n &#8211; Desenvolver processos de integra\u00e7\u00e3o e automa\u00e7\u00e3o;<br \/>\n &#8211; Gerenciar projetos cr\u00edticos e assegurar o uso otimizado de recursos; &#8211; An\u00e1lises e avalia\u00e7\u00e3o de maturidade para aprova\u00e7\u00e3o de projetos relacionada a recursos cr\u00edticos;<br \/>\n &#8211; Elabora\u00e7\u00e3o do planejamento\/programa\u00e7\u00e3o e monitoramento da realiza\u00e7\u00e3o das atividades f\u00edsicas de sondas e Embarca\u00e7\u00f5es Submarinas;<br \/>\n&#8211; Avalia\u00e7\u00e3o de riscos e oportunidades em projetos;<br \/>\n&#8211; Estrutura\u00e7\u00e3o e automa\u00e7\u00e3o de processos complexos;<br \/>\n&#8211; Entre outras atribui\u00e7\u00f5es.<\/p>\n<p> Local: Centro- RJ <\/p>\n<p>Regime de Trabalho: 40 horas semanais &#8211; Presencial <\/p>\n<p>Sal\u00e1rio: R$15.641,88 <\/p>\n<p>Benef\u00edcios: VA\/VR; Vale Transporte; Plano de Sa\u00fade; Seguro de Vida; Conv\u00eanio Gympass; Conv\u00eanio Sesc; Conv\u00eanio Zenklub.<\/p>\n<p>&#8211; Exig\u00eancias: S\u00d3LIDA experi\u00eancia e conhecimento avan\u00e7ado em gest\u00e3o de projetos, automa\u00e7\u00e3o de processos, an\u00e1lise de risco; Ensino superior completo em Engenharia de Produ\u00e7\u00e3o, El\u00e9trica ou Civil; Especializa\u00e7\u00e3o em gest\u00e3o de projetos;  F\u00e1cil acesso ao Centro &#8211; RJ; -Registro profissional ativo;  Conhecimento do sistema SAP; Disponibilidade para in\u00edcio imediato;  Documenta\u00e7\u00f5es em dia.<\/p>\n<ul>\n<li>Local de trabalho: Rio de Janeiro, RJ<\/li>\n<li>Regime de contrata\u00e7\u00e3o de tipo: Efetivo \u2013 CLT<\/li>\n<li>Jornada: Per\u00edodo Integral<\/li>\n<li>\u00c1rea e especializa\u00e7\u00e3o profissional: Administra\u00e7\u00e3o &#8211; Administra\u00e7\u00e3o Geral<\/li>\n<li>N\u00edvel hier\u00e1rquico: Especialista<\/li>\n<\/ul>\n<p>HABILIDADES<\/p>\n<ul>\n<li>EXPERI\u00caNCIA S\u00d3LIDA<\/li>\n<li>GEST\u00c3O DE PROJETOS<\/li>\n<li>SISTEMA SAP<\/li>\n<\/ul>\n<p>Escolaridade M\u00ednima: Ensino Superior<\/p>\n<p>Forma\u00e7\u00e3o desejada:<\/p>\n<ul>\n<li>Engenharia civil, Ensino Superior<\/li>\n<li>Engenharia de produ\u00e7\u00e3o\/industrial, Ensino Superior<\/li>\n<li>Engenharia el\u00e9trica, Ensino Superior<\/li>\n<\/ul>\n<ul>\n<li>CONV\u00caNIO GYMPASS<\/li>\n<li>CONV\u00caNIO SESC<\/li>\n<li>CONV\u00caNIO ZENKLUB<\/li>\n<li>PLANO DENTAL<\/li>\n<li>PLANO DE SA\u00daDE<\/li>\n<li>SEGURO DE VIDA<\/li>\n<li>VT<\/li>\n<li>VR\/VA<\/li>\n<\/ul>\n<p>Sal\u00e1rio: 15641,88<\/p>\n","protected":false},"excerpt":{"rendered":"<p>Atividades: &#8211; Integra\u00e7\u00e3o, estrutura\u00e7\u00e3o e automa\u00e7\u00e3o de processos (ferramentas e dados); &#8211; Desenvolver processos de integra\u00e7\u00e3o e automa\u00e7\u00e3o; &#8211; Gerenciar projetos cr\u00edticos e assegurar o uso otimizado de recursos; &#8211; An\u00e1lises e avalia\u00e7\u00e3o de maturidade para aprova\u00e7\u00e3o de projetos relacionada a recursos cr\u00edticos; &#8211; Elabora\u00e7\u00e3o do planejamento\/programa\u00e7\u00e3o e monitoramento da realiza\u00e7\u00e3o das atividades f\u00edsicas de [&hellip;]<\/p>\n","protected":false},"author":1,"featured_media":0,"comment_status":"open","ping_status":"open","sticky":false,"template":"","format":"standard","meta":{"footnotes":""},"categories":[21],"tags":[],"class_list":["post-7070","post","type-post","status-publish","format-standard","hentry","category-rio-de-janeiro-rj"],"_links":{"self":[{"href":"https:\/\/vagas.portalemprego.com.br\/index.php?rest_route=\/wp\/v2\/posts\/7070","targetHints":{"allow":["GET"]}}],"collection":[{"href":"https:\/\/vagas.portalemprego.com.br\/index.php?rest_route=\/wp\/v2\/posts"}],"about":[{"href":"https:\/\/vagas.portalemprego.com.br\/index.php?rest_route=\/wp\/v2\/types\/post"}],"author":[{"embeddable":true,"href":"https:\/\/vagas.portalemprego.com.br\/index.php?rest_route=\/wp\/v2\/users\/1"}],"replies":[{"embeddable":true,"href":"https:\/\/vagas.portalemprego.com.br\/index.php?rest_route=%2Fwp%2Fv2%2Fcomments&post=7070"}],"version-history":[{"count":0,"href":"https:\/\/vagas.portalemprego.com.br\/index.php?rest_route=\/wp\/v2\/posts\/7070\/revisions"}],"wp:attachment":[{"href":"https:\/\/vagas.portalemprego.com.br\/index.php?rest_route=%2Fwp%2Fv2%2Fmedia&parent=7070"}],"wp:term":[{"taxonomy":"category","embeddable":true,"href":"https:\/\/vagas.portalemprego.com.br\/index.php?rest_route=%2Fwp%2Fv2%2Fcategories&post=7070"},{"taxonomy":"post_tag","embeddable":true,"href":"https:\/\/vagas.portalemprego.com.br\/index.php?rest_route=%2Fwp%2Fv2%2Ftags&post=7070"}],"curies":[{"name":"wp","href":"https:\/\/api.w.org\/{rel}","templated":true}]}}