{"id":7071,"date":"2026-04-29T06:33:33","date_gmt":"2026-04-29T09:33:33","guid":{"rendered":"https:\/\/vagas.portalemprego.com.br\/?p=7071"},"modified":"2026-04-29T06:33:33","modified_gmt":"2026-04-29T09:33:33","slug":"vendedor-interno-comercial-vendas-rio-de-janeiro-9","status":"publish","type":"post","link":"https:\/\/vagas.portalemprego.com.br\/?p=7071","title":{"rendered":"Vendedor Interno &#8211; Comercial, Vendas &#8211; Rio de Janeiro"},"content":{"rendered":"<p>Vaga para in\u00edcio imediato<\/p>\n<p>Descri\u00e7\u00e3o:<br \/>\nEstamos em busca de um profissional din\u00e2mico e motivado para se juntar \u00e0 nossa equipe como Vendedor Interno. Ajudando nossos clientes a alcan\u00e7arem seus objetivos educacionais por meio de atendimentos presenciais.<\/p>\n<p>Responsabilidades:<br \/>\nRealizar vendas presencialmente, utilizando t\u00e9cnicas de vendas consultivas.<br \/>\nIdentificar as necessidades dos clientes e oferecer solu\u00e7\u00f5es que melhor se adequem aos seus objetivos educacionais.<br \/>\nManter um alto n\u00edvel de conhecimento sobre t\u00e9cnicas de venda, bem como sobre tend\u00eancias e desenvolvimentos no setor educacional.<br \/>\nAlcan\u00e7ar metas de vendas estabelecidas e objetivos individuais de desempenho.<\/p>\n<p>Requisitos:<br \/>\nHabilidade de comunica\u00e7\u00e3o excelente e habilidades interpessoais.<br \/>\nCapacidade de trabalhar de forma aut\u00f4noma e em equipe.<br \/>\nEnsino m\u00e9dio completo; gradua\u00e7\u00e3o ser\u00e1 considerada uma vantagem adicional.<\/p>\n<p>Oferecemos:<br \/>\nSal\u00e1rio fixo mais sistema de comiss\u00f5es atrativo.<br \/>\nPremia\u00e7\u00f5es di\u00e1rias, semanais e mensais baseadas no desempenho individual e da equipe.<br \/>\nOportunidades de crescimento profissional e desenvolvimento pessoal em uma empresa consolidada no mercado.<br \/>\nSe voc\u00ea \u00e9 apaixonado por vendas, tem uma atitude proativa e est\u00e1 interessado em fazer parte de uma equipe din\u00e2mica, envie seu curr\u00edculo hoje mesmo para considera\u00e7\u00e3o.<\/p>\n<p>Local de trabalho: Avenida Nossa Senhora de Copacabana , 788\/ sobre loja &#8211; COPACABANA<\/p>\n<p>Para se candidatar, envie o curr\u00edculo para o email : rodrigoselecao2024@gmail.com<\/p>\n<ul>\n<li>N\u00famero de vagas: 3<\/li>\n<li>Local de trabalho: Rio de Janeiro, RJ<\/li>\n<li>Regime de contrata\u00e7\u00e3o de tipo: Efetivo \u2013 CLT<\/li>\n<li>Jornada: Per\u00edodo Integral<\/li>\n<li>\u00c1rea e especializa\u00e7\u00e3o profissional: Comercial, Vendas &#8211; Venda Interna<\/li>\n<li>N\u00edvel hier\u00e1rquico: Operacional<\/li>\n<\/ul>\n<p>VALORIZADO<\/p>\n<p>Tempo de experi\u00eancia: Entre 1 e 3 anos<\/p>\n<p>Escolaridade M\u00ednima: Ensino M\u00e9dio (2\u00ba Grau)<\/p>\n<p>Sal\u00e1rio: 5000,0<\/p>\n","protected":false},"excerpt":{"rendered":"<p>Vaga para in\u00edcio imediato Descri\u00e7\u00e3o: Estamos em busca de um profissional din\u00e2mico e motivado para se juntar \u00e0 nossa equipe como Vendedor Interno. Ajudando nossos clientes a alcan\u00e7arem seus objetivos educacionais por meio de atendimentos presenciais. Responsabilidades: Realizar vendas presencialmente, utilizando t\u00e9cnicas de vendas consultivas. Identificar as necessidades dos clientes e oferecer solu\u00e7\u00f5es que melhor [&hellip;]<\/p>\n","protected":false},"author":1,"featured_media":0,"comment_status":"open","ping_status":"open","sticky":false,"template":"","format":"standard","meta":{"footnotes":""},"categories":[21],"tags":[],"class_list":["post-7071","post","type-post","status-publish","format-standard","hentry","category-rio-de-janeiro-rj"],"_links":{"self":[{"href":"https:\/\/vagas.portalemprego.com.br\/index.php?rest_route=\/wp\/v2\/posts\/7071","targetHints":{"allow":["GET"]}}],"collection":[{"href":"https:\/\/vagas.portalemprego.com.br\/index.php?rest_route=\/wp\/v2\/posts"}],"about":[{"href":"https:\/\/vagas.portalemprego.com.br\/index.php?rest_route=\/wp\/v2\/types\/post"}],"author":[{"embeddable":true,"href":"https:\/\/vagas.portalemprego.com.br\/index.php?rest_route=\/wp\/v2\/users\/1"}],"replies":[{"embeddable":true,"href":"https:\/\/vagas.portalemprego.com.br\/index.php?rest_route=%2Fwp%2Fv2%2Fcomments&post=7071"}],"version-history":[{"count":0,"href":"https:\/\/vagas.portalemprego.com.br\/index.php?rest_route=\/wp\/v2\/posts\/7071\/revisions"}],"wp:attachment":[{"href":"https:\/\/vagas.portalemprego.com.br\/index.php?rest_route=%2Fwp%2Fv2%2Fmedia&parent=7071"}],"wp:term":[{"taxonomy":"category","embeddable":true,"href":"https:\/\/vagas.portalemprego.com.br\/index.php?rest_route=%2Fwp%2Fv2%2Fcategories&post=7071"},{"taxonomy":"post_tag","embeddable":true,"href":"https:\/\/vagas.portalemprego.com.br\/index.php?rest_route=%2Fwp%2Fv2%2Ftags&post=7071"}],"curies":[{"name":"wp","href":"https:\/\/api.w.org\/{rel}","templated":true}]}}