{"id":7073,"date":"2026-04-29T06:33:33","date_gmt":"2026-04-29T09:33:33","guid":{"rendered":"https:\/\/vagas.portalemprego.com.br\/?p=7073"},"modified":"2026-04-29T06:33:33","modified_gmt":"2026-04-29T09:33:33","slug":"auxiliar-de-logistica-logistica-sao-pedro-da-aldeia","status":"publish","type":"post","link":"https:\/\/vagas.portalemprego.com.br\/?p=7073","title":{"rendered":"Auxiliar de log\u00edstica &#8211; Log\u00edstica &#8211; S\u00e3o Pedro da Aldeia"},"content":{"rendered":"<p>AUXILIAR DE LOG\u00cdSTICA \u2013 SHOPEE \u2013 Contrato tempor\u00e1rio (at\u00e9 180 dias) -CABO FRIO<\/p>\n<p>Empresa l\u00edder mundial de vendas on-line, contrata Auxiliar de Log\u00edstica.<\/p>\n<p>ATIVIDADES:<br \/>\nPara realizar atividades de bipagem de mercadorias, conferencia, separa\u00e7\u00e3o e armazenagem.<br \/>\nREQUISITOS:<br \/>\n&#8211; Perfil esperado \/ requisitos- Necess\u00e1rio Ensino M\u00e9dio Completo com certificado<br \/>\n&#8211; Disponibilidade para atuar em escala 6&#215;1.<br \/>\nSAL\u00c1RIO: R$ 1.900,00<br \/>\nHOR\u00c1RIO: 5x2SEG-SEX\u2013 13:20-22:59<br \/>\nBENEF\u00cdCIOS: VT ou Aux\u00edlio Combust\u00edvel + VR R$32,00*<br \/>\nLOCAL: Rodovia Amaral Peixoto, Km 106 Lote 293 &#8211; S\u00e3o Pedro Da Aldeia 28948-834<\/p>\n<ul>\n<li>N\u00famero de vagas: 5<\/li>\n<li>Local de trabalho: S\u00e3o Pedro da Aldeia, RJ<\/li>\n<li>Regime de contrata\u00e7\u00e3o de tipo: Tempor\u00e1rio<\/li>\n<li>Jornada: Noturno<\/li>\n<li>\u00c1rea e especializa\u00e7\u00e3o profissional: Log\u00edstica &#8211; Log\u00edstica<\/li>\n<li>N\u00edvel hier\u00e1rquico: Operacional<\/li>\n<\/ul>\n<p>VALORIZADO<\/p>\n<p>Tempo de experi\u00eancia: Sem experi\u00eancia<\/p>\n<p>Escolaridade M\u00ednima: Ensino M\u00e9dio (2\u00ba Grau)<\/p>\n<ul>\n<li>Auxilio Combust\u00edvel<\/li>\n<li>Vale Refei\u00e7\u00e3o<\/li>\n<li>Vale transporte<\/li>\n<\/ul>\n<p>Sal\u00e1rio: 1900,0<\/p>\n","protected":false},"excerpt":{"rendered":"<p>AUXILIAR DE LOG\u00cdSTICA \u2013 SHOPEE \u2013 Contrato tempor\u00e1rio (at\u00e9 180 dias) -CABO FRIO Empresa l\u00edder mundial de vendas on-line, contrata Auxiliar de Log\u00edstica. ATIVIDADES: Para realizar atividades de bipagem de mercadorias, conferencia, separa\u00e7\u00e3o e armazenagem. REQUISITOS: &#8211; Perfil esperado \/ requisitos- Necess\u00e1rio Ensino M\u00e9dio Completo com certificado &#8211; Disponibilidade para atuar em escala 6&#215;1. SAL\u00c1RIO: [&hellip;]<\/p>\n","protected":false},"author":1,"featured_media":0,"comment_status":"open","ping_status":"open","sticky":false,"template":"","format":"standard","meta":{"footnotes":""},"categories":[21],"tags":[],"class_list":["post-7073","post","type-post","status-publish","format-standard","hentry","category-rio-de-janeiro-rj"],"_links":{"self":[{"href":"https:\/\/vagas.portalemprego.com.br\/index.php?rest_route=\/wp\/v2\/posts\/7073","targetHints":{"allow":["GET"]}}],"collection":[{"href":"https:\/\/vagas.portalemprego.com.br\/index.php?rest_route=\/wp\/v2\/posts"}],"about":[{"href":"https:\/\/vagas.portalemprego.com.br\/index.php?rest_route=\/wp\/v2\/types\/post"}],"author":[{"embeddable":true,"href":"https:\/\/vagas.portalemprego.com.br\/index.php?rest_route=\/wp\/v2\/users\/1"}],"replies":[{"embeddable":true,"href":"https:\/\/vagas.portalemprego.com.br\/index.php?rest_route=%2Fwp%2Fv2%2Fcomments&post=7073"}],"version-history":[{"count":0,"href":"https:\/\/vagas.portalemprego.com.br\/index.php?rest_route=\/wp\/v2\/posts\/7073\/revisions"}],"wp:attachment":[{"href":"https:\/\/vagas.portalemprego.com.br\/index.php?rest_route=%2Fwp%2Fv2%2Fmedia&parent=7073"}],"wp:term":[{"taxonomy":"category","embeddable":true,"href":"https:\/\/vagas.portalemprego.com.br\/index.php?rest_route=%2Fwp%2Fv2%2Fcategories&post=7073"},{"taxonomy":"post_tag","embeddable":true,"href":"https:\/\/vagas.portalemprego.com.br\/index.php?rest_route=%2Fwp%2Fv2%2Ftags&post=7073"}],"curies":[{"name":"wp","href":"https:\/\/api.w.org\/{rel}","templated":true}]}}