{"id":7079,"date":"2026-04-29T06:33:33","date_gmt":"2026-04-29T09:33:33","guid":{"rendered":"https:\/\/vagas.portalemprego.com.br\/?p=7079"},"modified":"2026-04-29T06:33:33","modified_gmt":"2026-04-29T09:33:33","slug":"auxiliar-administrativo-pcd-recursos-humanos-rio-de-janeiro-2","status":"publish","type":"post","link":"https:\/\/vagas.portalemprego.com.br\/?p=7079","title":{"rendered":"Auxiliar Administrativo (PCD) &#8211; Recursos Humanos &#8211; Rio de Janeiro"},"content":{"rendered":"<p>Pr\u00e9-Requisitos:<\/p>\n<p>Ensino M\u00e9dio completo.<br \/>\nExperi\u00eancia comprovada na \u00e1rea de DP. Dom\u00ednio na compra de benef\u00edcios e cruzamento com a folha, rotina de admiss\u00e3o e demiss\u00e3o.<br \/>\nDesej\u00e1vel oriundo de empresa de presta\u00e7\u00e3o de servi\u00e7os.<br \/>\nSer\u00e1 um diferencial estar cursando Ensino Superior em Recursos Humanos, Administra\u00e7\u00e3o, Ci\u00eancias cont\u00e1beis ou \u00e1reas afins. <\/p>\n<p>Atividades:<\/p>\n<p>Tratar\u00e1 de todos os benef\u00edcios da empresa: VT, VR, Plano de Sa\u00fade e Odontol\u00f3gico, seguro de vida e aux\u00edlio funeral, gest\u00e3o dos afastamentos (INSS), envio de documenta\u00e7\u00e3o de colaboradores para nossos clientes, controles internos e arquivos ativos e inativos.<\/p>\n<p>Local de Trabalho: Mau\u00e1 &#8211; SP<br \/>\nContrata\u00e7\u00e3o: CLT<br \/>\nHor\u00e1rio: 07:30 \u00e0s 17:30 seg a sex<\/p>\n<p>Sal\u00e1rio: R$2.000,00<br \/>\nBenef\u00edcios: VT + Vale Refei\u00e7\u00e3o R$25,95\/dia + Plano de Sa\u00fade e Odontol\u00f3gico (ap\u00f3s per\u00edodo de experi\u00eancia) com desconto mensal + co-participa\u00e7\u00e3o, auxilio funeral e seguro de vida.<\/p>\n<ul>\n<li>Local de trabalho: Rio de Janeiro, RJ<\/li>\n<li>Regime de contrata\u00e7\u00e3o de tipo: Efetivo \u2013 CLT<\/li>\n<li>Jornada: Per\u00edodo Integral<\/li>\n<li>\u00c1rea e especializa\u00e7\u00e3o profissional: Recursos Humanos &#8211; Departamento Pessoal<\/li>\n<li>N\u00edvel hier\u00e1rquico: Auxiliar<\/li>\n<\/ul>\n<p>VALORIZADO<\/p>\n<p>Tempo de experi\u00eancia: Entre 1 e 3 anos<\/p>\n<p>Escolaridade M\u00ednima: Ensino M\u00e9dio (2\u00ba Grau)<\/p>\n<p>Forma\u00e7\u00e3o desejada:<\/p>\n<ul>\n<li>Administra\u00e7\u00e3o, Curso T\u00e9cnico<\/li>\n<\/ul>\n<ul>\n<li>Refei\u00e7\u00e3o no local<\/li>\n<li>Assist\u00eancia odontol\u00f3gica<\/li>\n<li>Assist\u00eancia m\u00e9dica<\/li>\n<li>Vale-transporte<\/li>\n<li>Seguro de Vida<\/li>\n<\/ul>\n","protected":false},"excerpt":{"rendered":"<p>Pr\u00e9-Requisitos: Ensino M\u00e9dio completo. Experi\u00eancia comprovada na \u00e1rea de DP. Dom\u00ednio na compra de benef\u00edcios e cruzamento com a folha, rotina de admiss\u00e3o e demiss\u00e3o. Desej\u00e1vel oriundo de empresa de presta\u00e7\u00e3o de servi\u00e7os. Ser\u00e1 um diferencial estar cursando Ensino Superior em Recursos Humanos, Administra\u00e7\u00e3o, Ci\u00eancias cont\u00e1beis ou \u00e1reas afins. Atividades: Tratar\u00e1 de todos os benef\u00edcios [&hellip;]<\/p>\n","protected":false},"author":1,"featured_media":0,"comment_status":"open","ping_status":"open","sticky":false,"template":"","format":"standard","meta":{"footnotes":""},"categories":[21],"tags":[],"class_list":["post-7079","post","type-post","status-publish","format-standard","hentry","category-rio-de-janeiro-rj"],"_links":{"self":[{"href":"https:\/\/vagas.portalemprego.com.br\/index.php?rest_route=\/wp\/v2\/posts\/7079","targetHints":{"allow":["GET"]}}],"collection":[{"href":"https:\/\/vagas.portalemprego.com.br\/index.php?rest_route=\/wp\/v2\/posts"}],"about":[{"href":"https:\/\/vagas.portalemprego.com.br\/index.php?rest_route=\/wp\/v2\/types\/post"}],"author":[{"embeddable":true,"href":"https:\/\/vagas.portalemprego.com.br\/index.php?rest_route=\/wp\/v2\/users\/1"}],"replies":[{"embeddable":true,"href":"https:\/\/vagas.portalemprego.com.br\/index.php?rest_route=%2Fwp%2Fv2%2Fcomments&post=7079"}],"version-history":[{"count":0,"href":"https:\/\/vagas.portalemprego.com.br\/index.php?rest_route=\/wp\/v2\/posts\/7079\/revisions"}],"wp:attachment":[{"href":"https:\/\/vagas.portalemprego.com.br\/index.php?rest_route=%2Fwp%2Fv2%2Fmedia&parent=7079"}],"wp:term":[{"taxonomy":"category","embeddable":true,"href":"https:\/\/vagas.portalemprego.com.br\/index.php?rest_route=%2Fwp%2Fv2%2Fcategories&post=7079"},{"taxonomy":"post_tag","embeddable":true,"href":"https:\/\/vagas.portalemprego.com.br\/index.php?rest_route=%2Fwp%2Fv2%2Ftags&post=7079"}],"curies":[{"name":"wp","href":"https:\/\/api.w.org\/{rel}","templated":true}]}}