{"id":7082,"date":"2026-04-29T06:33:33","date_gmt":"2026-04-29T09:33:33","guid":{"rendered":"https:\/\/vagas.portalemprego.com.br\/?p=7082"},"modified":"2026-04-29T06:33:33","modified_gmt":"2026-04-29T09:33:33","slug":"mantenedor-ii-construcao-manutencao-nova-iguacu","status":"publish","type":"post","link":"https:\/\/vagas.portalemprego.com.br\/?p=7082","title":{"rendered":"MANTENEDOR II &#8211; Constru\u00e7\u00e3o, Manuten\u00e7\u00e3o &#8211; Nova Igua\u00e7u"},"content":{"rendered":"<p>VAGA: MANTENEDOR II<\/p>\n<p>SAL\u00c1RIO: R$ 1.811,76 + 30% (periculosidade)<\/p>\n<p>ESCALA: Segunda a Sexta<\/p>\n<p>LOCAL: Nova Igua\u00e7u \/ Belford Roxo<\/p>\n<p>BENEF\u00cdCIOS:<br \/>\nVale Transporte<br \/>\nVale Alimenta\u00e7\u00e3o<br \/>\nAssist\u00eancia M\u00e9dica<br \/>\nAssist\u00eancia Odontol\u00f3gica<\/p>\n<p>DESCRI\u00c7\u00c3O DO CARGO: Buscamos um profissional qualificado para atuar na manuten\u00e7\u00e3o predial. O candidato deve ter experi\u00eancia em rotinas de manuten\u00e7\u00e3o civil, hidr\u00e1ulica e pintura, al\u00e9m de conhecimentos em el\u00e9trica de baixa tens\u00e3o e comandos el\u00e9tricos. Tamb\u00e9m \u00e9 necess\u00e1rio ter habilidades em solda el\u00e9trica.<\/p>\n<p>QUALIFICA\u00c7\u00d5ES:<br \/>\nCurso profissionalizante de Pedreiro e Alvenaria<br \/>\nExperi\u00eancia em manuten\u00e7\u00e3o predial<\/p>\n<p>FORMA\u00c7\u00c3O\/CURSO:<br \/>\nEl\u00e9trica<\/p>\n<p>COMO SE CANDIDATAR: Envie seu curr\u00edculo para maria.fqueiroz@gpssa.com.br ou entre em contato pelo WhatsApp: 11 99022-0404.<\/p>\n<p>Venha fazer parte da nossa equipe!<\/p>\n<ul>\n<li>Local de trabalho: Nova Igua\u00e7u, RJ<\/li>\n<li>Regime de contrata\u00e7\u00e3o de tipo: Efetivo \u2013 CLT<\/li>\n<li>Jornada: Per\u00edodo Integral<\/li>\n<li>\u00c1rea e especializa\u00e7\u00e3o profissional: Constru\u00e7\u00e3o, Manuten\u00e7\u00e3o &#8211; Manuten\u00e7\u00e3o El\u00e9trica<\/li>\n<li>N\u00edvel hier\u00e1rquico: Operacional<\/li>\n<\/ul>\n<p>VALORIZADO<\/p>\n<p>Tempo de experi\u00eancia: Entre 1 e 3 anos<\/p>\n<p>Escolaridade M\u00ednima: Curso extra-curricular \/ Profissionalizante<\/p>\n<p>Sal\u00e1rio: 2355,0<\/p>\n","protected":false},"excerpt":{"rendered":"<p>VAGA: MANTENEDOR II SAL\u00c1RIO: R$ 1.811,76 + 30% (periculosidade) ESCALA: Segunda a Sexta LOCAL: Nova Igua\u00e7u \/ Belford Roxo BENEF\u00cdCIOS: Vale Transporte Vale Alimenta\u00e7\u00e3o Assist\u00eancia M\u00e9dica Assist\u00eancia Odontol\u00f3gica DESCRI\u00c7\u00c3O DO CARGO: Buscamos um profissional qualificado para atuar na manuten\u00e7\u00e3o predial. O candidato deve ter experi\u00eancia em rotinas de manuten\u00e7\u00e3o civil, hidr\u00e1ulica e pintura, al\u00e9m de [&hellip;]<\/p>\n","protected":false},"author":1,"featured_media":0,"comment_status":"open","ping_status":"open","sticky":false,"template":"","format":"standard","meta":{"footnotes":""},"categories":[21],"tags":[],"class_list":["post-7082","post","type-post","status-publish","format-standard","hentry","category-rio-de-janeiro-rj"],"_links":{"self":[{"href":"https:\/\/vagas.portalemprego.com.br\/index.php?rest_route=\/wp\/v2\/posts\/7082","targetHints":{"allow":["GET"]}}],"collection":[{"href":"https:\/\/vagas.portalemprego.com.br\/index.php?rest_route=\/wp\/v2\/posts"}],"about":[{"href":"https:\/\/vagas.portalemprego.com.br\/index.php?rest_route=\/wp\/v2\/types\/post"}],"author":[{"embeddable":true,"href":"https:\/\/vagas.portalemprego.com.br\/index.php?rest_route=\/wp\/v2\/users\/1"}],"replies":[{"embeddable":true,"href":"https:\/\/vagas.portalemprego.com.br\/index.php?rest_route=%2Fwp%2Fv2%2Fcomments&post=7082"}],"version-history":[{"count":0,"href":"https:\/\/vagas.portalemprego.com.br\/index.php?rest_route=\/wp\/v2\/posts\/7082\/revisions"}],"wp:attachment":[{"href":"https:\/\/vagas.portalemprego.com.br\/index.php?rest_route=%2Fwp%2Fv2%2Fmedia&parent=7082"}],"wp:term":[{"taxonomy":"category","embeddable":true,"href":"https:\/\/vagas.portalemprego.com.br\/index.php?rest_route=%2Fwp%2Fv2%2Fcategories&post=7082"},{"taxonomy":"post_tag","embeddable":true,"href":"https:\/\/vagas.portalemprego.com.br\/index.php?rest_route=%2Fwp%2Fv2%2Ftags&post=7082"}],"curies":[{"name":"wp","href":"https:\/\/api.w.org\/{rel}","templated":true}]}}