{"id":7132,"date":"2026-04-29T06:28:28","date_gmt":"2026-04-29T09:28:28","guid":{"rendered":"https:\/\/vagas.portalemprego.com.br\/?p=7132"},"modified":"2026-04-29T06:28:28","modified_gmt":"2026-04-29T09:28:28","slug":"auxiliar-de-servicos-gerais-periodo-noturno-servicos-gerais-macae","status":"publish","type":"post","link":"https:\/\/vagas.portalemprego.com.br\/?p=7132","title":{"rendered":"Auxiliar de Servi\u00e7os Gerais (Per\u00edodo Noturno) &#8211; Servi\u00e7os Gerais &#8211; Maca\u00e9"},"content":{"rendered":"<p>Local: Maca\u00e9, RJ<br \/>\nHor\u00e1rio de Trabalho: Escala 12&#215;36 (trabalha 12 horas seguidas e folga nas 36 horas seguintes) \u2013 Turno Noturno<br \/>\nSal\u00e1rio: R$ 1.711,80 + Adicional Noturno<\/p>\n<p>Benef\u00edcios:<\/p>\n<p>Vale Alimenta\u00e7\u00e3o: R$ 250<br \/>\nVale Transporte<br \/>\nPlano de Sa\u00fade<br \/>\nPlano Odontol\u00f3gico<br \/>\nConv\u00eanio Farm\u00e1cia<br \/>\nParticipa\u00e7\u00e3o nos Lucros (PLR)<\/p>\n<p>Atividades:<\/p>\n<p>Limpeza e conserva\u00e7\u00e3o de \u00e1reas internas e externas<br \/>\nColeta e descarte de res\u00edduos conforme normas de seguran\u00e7a<br \/>\nReposi\u00e7\u00e3o de materiais de higiene<br \/>\nAux\u00edlio nas demandas di\u00e1rias de organiza\u00e7\u00e3o e manuten\u00e7\u00e3o do ambiente<\/p>\n<p>Requisitos:<\/p>\n<p>Residir em Maca\u00e9<br \/>\nComprometimento e responsabilidade<br \/>\nExperi\u00eancia anterior na fun\u00e7\u00e3o ser\u00e1 um diferencial<br \/>\nDisponibilidade para atuar no turno noturno em escala 12&#215;36<\/p>\n<ul>\n<li>Local de trabalho: Maca\u00e9, RJ<\/li>\n<li>Regime de contrata\u00e7\u00e3o de tipo: Efetivo \u2013 CLT<\/li>\n<li>Jornada: Per\u00edodo Integral<\/li>\n<li>\u00c1rea e especializa\u00e7\u00e3o profissional: Servi\u00e7os Gerais &#8211; Zeladoria<\/li>\n<li>N\u00edvel hier\u00e1rquico: Operacional<\/li>\n<\/ul>\n<p>Escolaridade M\u00ednima: Ensino Fundamental (1\u00ba grau)<\/p>\n<p>Sal\u00e1rio: 1711,81<\/p>\n","protected":false},"excerpt":{"rendered":"<p>Local: Maca\u00e9, RJ Hor\u00e1rio de Trabalho: Escala 12&#215;36 (trabalha 12 horas seguidas e folga nas 36 horas seguintes) \u2013 Turno Noturno Sal\u00e1rio: R$ 1.711,80 + Adicional Noturno Benef\u00edcios: Vale Alimenta\u00e7\u00e3o: R$ 250 Vale Transporte Plano de Sa\u00fade Plano Odontol\u00f3gico Conv\u00eanio Farm\u00e1cia Participa\u00e7\u00e3o nos Lucros (PLR) Atividades: Limpeza e conserva\u00e7\u00e3o de \u00e1reas internas e externas Coleta [&hellip;]<\/p>\n","protected":false},"author":1,"featured_media":0,"comment_status":"open","ping_status":"open","sticky":false,"template":"","format":"standard","meta":{"footnotes":""},"categories":[21],"tags":[],"class_list":["post-7132","post","type-post","status-publish","format-standard","hentry","category-rio-de-janeiro-rj"],"_links":{"self":[{"href":"https:\/\/vagas.portalemprego.com.br\/index.php?rest_route=\/wp\/v2\/posts\/7132","targetHints":{"allow":["GET"]}}],"collection":[{"href":"https:\/\/vagas.portalemprego.com.br\/index.php?rest_route=\/wp\/v2\/posts"}],"about":[{"href":"https:\/\/vagas.portalemprego.com.br\/index.php?rest_route=\/wp\/v2\/types\/post"}],"author":[{"embeddable":true,"href":"https:\/\/vagas.portalemprego.com.br\/index.php?rest_route=\/wp\/v2\/users\/1"}],"replies":[{"embeddable":true,"href":"https:\/\/vagas.portalemprego.com.br\/index.php?rest_route=%2Fwp%2Fv2%2Fcomments&post=7132"}],"version-history":[{"count":0,"href":"https:\/\/vagas.portalemprego.com.br\/index.php?rest_route=\/wp\/v2\/posts\/7132\/revisions"}],"wp:attachment":[{"href":"https:\/\/vagas.portalemprego.com.br\/index.php?rest_route=%2Fwp%2Fv2%2Fmedia&parent=7132"}],"wp:term":[{"taxonomy":"category","embeddable":true,"href":"https:\/\/vagas.portalemprego.com.br\/index.php?rest_route=%2Fwp%2Fv2%2Fcategories&post=7132"},{"taxonomy":"post_tag","embeddable":true,"href":"https:\/\/vagas.portalemprego.com.br\/index.php?rest_route=%2Fwp%2Fv2%2Ftags&post=7132"}],"curies":[{"name":"wp","href":"https:\/\/api.w.org\/{rel}","templated":true}]}}