{"id":7133,"date":"2026-04-29T06:28:28","date_gmt":"2026-04-29T09:28:28","guid":{"rendered":"https:\/\/vagas.portalemprego.com.br\/?p=7133"},"modified":"2026-04-29T06:28:28","modified_gmt":"2026-04-29T09:28:28","slug":"auxiliar-de-servicos-gerais-servicos-gerais-macae-9","status":"publish","type":"post","link":"https:\/\/vagas.portalemprego.com.br\/?p=7133","title":{"rendered":"Auxiliar de Servi\u00e7os Gerais &#8211; Servi\u00e7os Gerais &#8211; Maca\u00e9"},"content":{"rendered":"<p>Responsabilidades:<br \/>\n&#8211; Limpeza e conserva\u00e7\u00e3o de \u00e1reas internas e externas<br \/>\n&#8211; Coleta e descarte de res\u00edduos conforme normas de seguran\u00e7a<br \/>\n&#8211; Reposi\u00e7\u00e3o de materiais de higiene<br \/>\n&#8211; Aux\u00edlio nas demandas di\u00e1rias de organiza\u00e7\u00e3o e manuten\u00e7\u00e3o do ambiente<\/p>\n<p>Requisitos:<br \/>\n&#8211; Residir em Maca\u00e9<br \/>\n&#8211; Comprometimento e responsabilidade<br \/>\n&#8211; Experi\u00eancia anterior na fun\u00e7\u00e3o (diferencial)<br \/>\n&#8211; Disponibilidade para escala 12&#215;36<\/p>\n<ul>\n<li>Local de trabalho: Maca\u00e9, RJ<\/li>\n<li>Regime de contrata\u00e7\u00e3o de tipo: Efetivo \u2013 CLT<\/li>\n<li>Jornada: Parcial manh\u00e3s<\/li>\n<li>\u00c1rea e especializa\u00e7\u00e3o profissional: Servi\u00e7os Gerais &#8211; Limpeza<\/li>\n<li>N\u00edvel hier\u00e1rquico: Auxiliar<\/li>\n<\/ul>\n<p>VALORIZADO<\/p>\n<p>Tempo de experi\u00eancia: Entre 1 e 3 anos<\/p>\n<p>Escolaridade M\u00ednima: Ensino Fundamental (1\u00ba grau)<\/p>\n<ul>\n<li>Vale Alimenta\u00e7\u00e3o: R$ 250<\/li>\n<li>Vale Transporte<\/li>\n<li>Plano de Sa\u00fade<\/li>\n<li>Plano Odontol\u00f3gico<\/li>\n<li>Conv\u00eanio Farm\u00e1cia<\/li>\n<li>Participa\u00e7\u00e3o nos Lucros (PLR)<\/li>\n<\/ul>\n<p>Sal\u00e1rio: 1711,8<\/p>\n","protected":false},"excerpt":{"rendered":"<p>Responsabilidades: &#8211; Limpeza e conserva\u00e7\u00e3o de \u00e1reas internas e externas &#8211; Coleta e descarte de res\u00edduos conforme normas de seguran\u00e7a &#8211; Reposi\u00e7\u00e3o de materiais de higiene &#8211; Aux\u00edlio nas demandas di\u00e1rias de organiza\u00e7\u00e3o e manuten\u00e7\u00e3o do ambiente Requisitos: &#8211; Residir em Maca\u00e9 &#8211; Comprometimento e responsabilidade &#8211; Experi\u00eancia anterior na fun\u00e7\u00e3o (diferencial) &#8211; Disponibilidade para [&hellip;]<\/p>\n","protected":false},"author":1,"featured_media":0,"comment_status":"open","ping_status":"open","sticky":false,"template":"","format":"standard","meta":{"footnotes":""},"categories":[21],"tags":[],"class_list":["post-7133","post","type-post","status-publish","format-standard","hentry","category-rio-de-janeiro-rj"],"_links":{"self":[{"href":"https:\/\/vagas.portalemprego.com.br\/index.php?rest_route=\/wp\/v2\/posts\/7133","targetHints":{"allow":["GET"]}}],"collection":[{"href":"https:\/\/vagas.portalemprego.com.br\/index.php?rest_route=\/wp\/v2\/posts"}],"about":[{"href":"https:\/\/vagas.portalemprego.com.br\/index.php?rest_route=\/wp\/v2\/types\/post"}],"author":[{"embeddable":true,"href":"https:\/\/vagas.portalemprego.com.br\/index.php?rest_route=\/wp\/v2\/users\/1"}],"replies":[{"embeddable":true,"href":"https:\/\/vagas.portalemprego.com.br\/index.php?rest_route=%2Fwp%2Fv2%2Fcomments&post=7133"}],"version-history":[{"count":0,"href":"https:\/\/vagas.portalemprego.com.br\/index.php?rest_route=\/wp\/v2\/posts\/7133\/revisions"}],"wp:attachment":[{"href":"https:\/\/vagas.portalemprego.com.br\/index.php?rest_route=%2Fwp%2Fv2%2Fmedia&parent=7133"}],"wp:term":[{"taxonomy":"category","embeddable":true,"href":"https:\/\/vagas.portalemprego.com.br\/index.php?rest_route=%2Fwp%2Fv2%2Fcategories&post=7133"},{"taxonomy":"post_tag","embeddable":true,"href":"https:\/\/vagas.portalemprego.com.br\/index.php?rest_route=%2Fwp%2Fv2%2Ftags&post=7133"}],"curies":[{"name":"wp","href":"https:\/\/api.w.org\/{rel}","templated":true}]}}