{"id":7139,"date":"2026-04-29T06:28:28","date_gmt":"2026-04-29T09:28:28","guid":{"rendered":"https:\/\/vagas.portalemprego.com.br\/?p=7139"},"modified":"2026-04-29T06:28:28","modified_gmt":"2026-04-29T09:28:28","slug":"captador-de-imoveis-rio-de-janeiro-comercial-vendas-rio-de-janeiro","status":"publish","type":"post","link":"https:\/\/vagas.portalemprego.com.br\/?p=7139","title":{"rendered":"Captador de Im\u00f3veis &#8211; Rio de Janeiro &#8211; Comercial, Vendas &#8211; Rio de Janeiro"},"content":{"rendered":"<p>O escrit\u00f3rio de advocacia Andr\u00e9 Fernandes Advogados (AF Advogados) \u00e9 especializado em Direito e Neg\u00f3cios Imobili\u00e1rios, proporcionando apoio legal aos clientes da Agir, prestando consultoria jur\u00eddica e atuando gratuitamente nas a\u00e7\u00f5es de despejo por falta de pagamento de alugu\u00e9is e encargos. O escrit\u00f3rio tamb\u00e9m desenvolve suas atividades nas \u00e1reas de Invent\u00e1rio e Usucapi\u00e3o Judiciais e Extrajudiciais, Direito do Consumidor, Contratos, Responsabilidade Civil, Legaliza\u00e7\u00e3o de Im\u00f3veis e de Direito Condominial.<\/p>\n<p>Vaga: Corretor de Im\u00f3veis <\/p>\n<p>Descri\u00e7\u00e3o de Atividades: <\/p>\n<p>&#8211; Capta\u00e7\u00f5es de im\u00f3veis.<br \/>\n&#8211; Intermedia\u00e7\u00e3o de compra, venda e loca\u00e7\u00e3o de im\u00f3veis.<br \/>\n&#8211; Avaliar propriedades.<br \/>\n&#8211; Negociar condi\u00e7\u00f5es e pre\u00e7os.  <\/p>\n<p>Requisitos:<br \/>\nIdeal ter experi\u00eancia ou viv\u00eancia na \u00e1rea imobili\u00e1ria.<br \/>\nCREci &#8211; RJ ativo e quitado.<br \/>\nPacote office b\u00e1sico.<br \/>\nHabilidades para escrita e comunica\u00e7\u00e3o.<\/p>\n<p>Habilidades:<br \/>\nProfissional que procura crescimento e desenvolvimento pessoal<br \/>\nMotivado<br \/>\nOrganizado<\/p>\n<p>Se identificou? Venha fazer parte do nosso time :)!<\/p>\n<ul>\n<li>N\u00famero de vagas: 2<\/li>\n<li>Local de trabalho: Rio de Janeiro, RJ<\/li>\n<li>Regime de contrata\u00e7\u00e3o de tipo: Cooperado<\/li>\n<li>Jornada: Per\u00edodo Integral<\/li>\n<li>\u00c1rea e especializa\u00e7\u00e3o profissional: Comercial, Vendas &#8211; Corretagem<\/li>\n<li>N\u00edvel hier\u00e1rquico: Consultor<\/li>\n<\/ul>\n<p>VALORIZADO<\/p>\n<p>Tempo de experi\u00eancia: Entre 1 e 3 anos<\/p>\n<p>Escolaridade M\u00ednima: Ensino Superior<\/p>\n","protected":false},"excerpt":{"rendered":"<p>O escrit\u00f3rio de advocacia Andr\u00e9 Fernandes Advogados (AF Advogados) \u00e9 especializado em Direito e Neg\u00f3cios Imobili\u00e1rios, proporcionando apoio legal aos clientes da Agir, prestando consultoria jur\u00eddica e atuando gratuitamente nas a\u00e7\u00f5es de despejo por falta de pagamento de alugu\u00e9is e encargos. O escrit\u00f3rio tamb\u00e9m desenvolve suas atividades nas \u00e1reas de Invent\u00e1rio e Usucapi\u00e3o Judiciais e [&hellip;]<\/p>\n","protected":false},"author":1,"featured_media":0,"comment_status":"open","ping_status":"open","sticky":false,"template":"","format":"standard","meta":{"footnotes":""},"categories":[21],"tags":[],"class_list":["post-7139","post","type-post","status-publish","format-standard","hentry","category-rio-de-janeiro-rj"],"_links":{"self":[{"href":"https:\/\/vagas.portalemprego.com.br\/index.php?rest_route=\/wp\/v2\/posts\/7139","targetHints":{"allow":["GET"]}}],"collection":[{"href":"https:\/\/vagas.portalemprego.com.br\/index.php?rest_route=\/wp\/v2\/posts"}],"about":[{"href":"https:\/\/vagas.portalemprego.com.br\/index.php?rest_route=\/wp\/v2\/types\/post"}],"author":[{"embeddable":true,"href":"https:\/\/vagas.portalemprego.com.br\/index.php?rest_route=\/wp\/v2\/users\/1"}],"replies":[{"embeddable":true,"href":"https:\/\/vagas.portalemprego.com.br\/index.php?rest_route=%2Fwp%2Fv2%2Fcomments&post=7139"}],"version-history":[{"count":0,"href":"https:\/\/vagas.portalemprego.com.br\/index.php?rest_route=\/wp\/v2\/posts\/7139\/revisions"}],"wp:attachment":[{"href":"https:\/\/vagas.portalemprego.com.br\/index.php?rest_route=%2Fwp%2Fv2%2Fmedia&parent=7139"}],"wp:term":[{"taxonomy":"category","embeddable":true,"href":"https:\/\/vagas.portalemprego.com.br\/index.php?rest_route=%2Fwp%2Fv2%2Fcategories&post=7139"},{"taxonomy":"post_tag","embeddable":true,"href":"https:\/\/vagas.portalemprego.com.br\/index.php?rest_route=%2Fwp%2Fv2%2Ftags&post=7139"}],"curies":[{"name":"wp","href":"https:\/\/api.w.org\/{rel}","templated":true}]}}