{"id":7145,"date":"2026-04-29T06:29:29","date_gmt":"2026-04-29T09:29:29","guid":{"rendered":"https:\/\/vagas.portalemprego.com.br\/?p=7145"},"modified":"2026-04-29T06:29:29","modified_gmt":"2026-04-29T09:29:29","slug":"1038-gerente-de-operacoes-nivel-brasil-comercio-exterior-importacao-exportacao-rio-de-janeiro","status":"publish","type":"post","link":"https:\/\/vagas.portalemprego.com.br\/?p=7145","title":{"rendered":"#1038 &#8211; Gerente de Opera\u00e7\u00f5es (N\u00edvel Brasil) &#8211; Com\u00e9rcio Exterior, Importa\u00e7\u00e3o, Exporta\u00e7\u00e3o &#8211; Rio de Janeiro"},"content":{"rendered":"<p>&#8211; Gerenciar as atividades operacionais das filiais a n\u00edvel Brasil;<br \/>\n&#8211; Garantir o cumprimento das metas e a efici\u00eancia dos indicadores de desempenho;<br \/>\n&#8211; Implementar sistemas que agreguem valor aos clientes;<br \/>\n&#8211; Elaborar e monitorar o or\u00e7amento das filiais, assegurando o cumprimento dos planos financeiros, e avalia\u00e7\u00e3o das opera\u00e7\u00f5es para identificar oportunidades de redu\u00e7\u00e3o de custos e melhorias na centraliza\u00e7\u00e3o de projetos;<br \/>\n&#8211; Representar a empresa junto a autoridades, clientes e fornecedores, fortalecendo rela\u00e7\u00f5es e assegurando o cumprimento de normas legais e diretrizes internas;<br \/>\n&#8211; Promover a conformidade e o alinhamento \u00e0s regras de compliance e seguran\u00e7a, garantindo que os servi\u00e7os entregues estejam dentro dos padr\u00f5es contratados;<br \/>\n&#8211; Implementar metodologias \u00e1geis, como design thinking e OKRs, visando solu\u00e7\u00f5es mais eficazes para n\u00e3o conformidades e desenvolvimento de novos neg\u00f3cios;<br \/>\n&#8211; Participar ativamente da elabora\u00e7\u00e3o de contratos com clientes e fornecedores, buscando resultados mais eficientes e a redu\u00e7\u00e3o de custos operacionais;<br \/>\n&#8211; Analisar relat\u00f3rios de mercado, encaminhando insights \u00e0 \u00e1rea comercial e \u00e0 Diretoria de Opera\u00e7\u00f5es para avalia\u00e7\u00e3o da viabilidade de novas oportunidades de neg\u00f3cios;<br \/>\n&#8211; Acompanhar a satisfa\u00e7\u00e3o dos clientes e tratar poss\u00edveis reclama\u00e7\u00f5es, propondo a\u00e7\u00f5es corretivas e preventivas;<br \/>\n&#8211; Realizar visitas regulares \u00e0s filiais, monitorando indicadores e implementando melhorias;<br \/>\n&#8211; Selecionar, treinar e desenvolver coordenadores e supervisores, assegurando o crescimento e a reten\u00e7\u00e3o de talentos.<\/p>\n<ul>\n<li>Local de trabalho: Rio de Janeiro, RJ<\/li>\n<li>Regime de contrata\u00e7\u00e3o de tipo: Efetivo \u2013 CLT<\/li>\n<li>Jornada: Per\u00edodo Integral<\/li>\n<li>\u00c1rea e especializa\u00e7\u00e3o profissional: Com\u00e9rcio Exterior, Importa\u00e7\u00e3o, Exporta\u00e7\u00e3o &#8211; Com\u00e9rcio Exterior, Trader<\/li>\n<li>N\u00edvel hier\u00e1rquico: Gerente<\/li>\n<\/ul>\n<p>Escolaridade M\u00ednima: Ensino Superior<\/p>\n<p>Idiomas:<\/p>\n<ul>\n<li>Ingl\u00eas (Avan\u00e7ado)<\/li>\n<\/ul>\n<p>Habilita\u00e7\u00e3o para dirigir: B<\/p>\n<p>Disponibilidade para viajar<\/p>\n<ul>\n<li>Assist\u00eancia m\u00e9dica<\/li>\n<li>Multibenef\u00edcios<\/li>\n<li>PLR<\/li>\n<li>VR<\/li>\n<li>Gympass<\/li>\n<li>Assist\u00eancia Odontol\u00f3gica<\/li>\n<li>Seguro de Vida<\/li>\n<li>Plano de Comissionamento<\/li>\n<\/ul>\n","protected":false},"excerpt":{"rendered":"<p>&#8211; Gerenciar as atividades operacionais das filiais a n\u00edvel Brasil; &#8211; Garantir o cumprimento das metas e a efici\u00eancia dos indicadores de desempenho; &#8211; Implementar sistemas que agreguem valor aos clientes; &#8211; Elaborar e monitorar o or\u00e7amento das filiais, assegurando o cumprimento dos planos financeiros, e avalia\u00e7\u00e3o das opera\u00e7\u00f5es para identificar oportunidades de redu\u00e7\u00e3o de [&hellip;]<\/p>\n","protected":false},"author":1,"featured_media":0,"comment_status":"open","ping_status":"open","sticky":false,"template":"","format":"standard","meta":{"footnotes":""},"categories":[21],"tags":[],"class_list":["post-7145","post","type-post","status-publish","format-standard","hentry","category-rio-de-janeiro-rj"],"_links":{"self":[{"href":"https:\/\/vagas.portalemprego.com.br\/index.php?rest_route=\/wp\/v2\/posts\/7145","targetHints":{"allow":["GET"]}}],"collection":[{"href":"https:\/\/vagas.portalemprego.com.br\/index.php?rest_route=\/wp\/v2\/posts"}],"about":[{"href":"https:\/\/vagas.portalemprego.com.br\/index.php?rest_route=\/wp\/v2\/types\/post"}],"author":[{"embeddable":true,"href":"https:\/\/vagas.portalemprego.com.br\/index.php?rest_route=\/wp\/v2\/users\/1"}],"replies":[{"embeddable":true,"href":"https:\/\/vagas.portalemprego.com.br\/index.php?rest_route=%2Fwp%2Fv2%2Fcomments&post=7145"}],"version-history":[{"count":0,"href":"https:\/\/vagas.portalemprego.com.br\/index.php?rest_route=\/wp\/v2\/posts\/7145\/revisions"}],"wp:attachment":[{"href":"https:\/\/vagas.portalemprego.com.br\/index.php?rest_route=%2Fwp%2Fv2%2Fmedia&parent=7145"}],"wp:term":[{"taxonomy":"category","embeddable":true,"href":"https:\/\/vagas.portalemprego.com.br\/index.php?rest_route=%2Fwp%2Fv2%2Fcategories&post=7145"},{"taxonomy":"post_tag","embeddable":true,"href":"https:\/\/vagas.portalemprego.com.br\/index.php?rest_route=%2Fwp%2Fv2%2Ftags&post=7145"}],"curies":[{"name":"wp","href":"https:\/\/api.w.org\/{rel}","templated":true}]}}