{"id":7147,"date":"2026-04-29T06:29:29","date_gmt":"2026-04-29T09:29:29","guid":{"rendered":"https:\/\/vagas.portalemprego.com.br\/?p=7147"},"modified":"2026-04-29T06:29:29","modified_gmt":"2026-04-29T09:29:29","slug":"jovem-aprendiz-administrativo-recursos-humanos-recursos-humanos-rio-de-janeiro","status":"publish","type":"post","link":"https:\/\/vagas.portalemprego.com.br\/?p=7147","title":{"rendered":"Jovem Aprendiz Administrativo &#8211; Recursos Humanos &#8211; Recursos Humanos &#8211; Rio de Janeiro"},"content":{"rendered":"<p>GRANDE EMPRESA NO RAMO OFERECE VAGA DE JOVEM APRENDIZ<\/p>\n<p>REQUISITOS:<br \/>\nEnsino m\u00e9dio completo;<br \/>\nTer entre 18 e 21 anos;<br \/>\nVontade de aprender.<\/p>\n<p>RESPONSABILIDADES<br \/>\nAtuar\u00e1 executando fun\u00e7\u00f5es administrativas no setor de recursos humanos.<\/p>\n<ul>\n<li>Local de trabalho: Rio de Janeiro, RJ<\/li>\n<li>Regime de contrata\u00e7\u00e3o de tipo: Efetivo \u2013 CLT<\/li>\n<li>Jornada: Parcial manh\u00e3s<\/li>\n<li>\u00c1rea e especializa\u00e7\u00e3o profissional: Recursos Humanos &#8211; Recursos Humanos (Generalista)<\/li>\n<li>N\u00edvel hier\u00e1rquico: Auxiliar<\/li>\n<\/ul>\n<p>Escolaridade M\u00ednima: Ensino M\u00e9dio (2\u00ba Grau)<\/p>\n<ul>\n<li>Vale-transporte<\/li>\n<li>Refei\u00e7\u00e3o no local<\/li>\n<\/ul>\n<p>Sal\u00e1rio: 667,97<\/p>\n","protected":false},"excerpt":{"rendered":"<p>GRANDE EMPRESA NO RAMO OFERECE VAGA DE JOVEM APRENDIZ REQUISITOS: Ensino m\u00e9dio completo; Ter entre 18 e 21 anos; Vontade de aprender. RESPONSABILIDADES Atuar\u00e1 executando fun\u00e7\u00f5es administrativas no setor de recursos humanos. Local de trabalho: Rio de Janeiro, RJ Regime de contrata\u00e7\u00e3o de tipo: Efetivo \u2013 CLT Jornada: Parcial manh\u00e3s \u00c1rea e especializa\u00e7\u00e3o profissional: Recursos [&hellip;]<\/p>\n","protected":false},"author":1,"featured_media":0,"comment_status":"open","ping_status":"open","sticky":false,"template":"","format":"standard","meta":{"footnotes":""},"categories":[21],"tags":[],"class_list":["post-7147","post","type-post","status-publish","format-standard","hentry","category-rio-de-janeiro-rj"],"_links":{"self":[{"href":"https:\/\/vagas.portalemprego.com.br\/index.php?rest_route=\/wp\/v2\/posts\/7147","targetHints":{"allow":["GET"]}}],"collection":[{"href":"https:\/\/vagas.portalemprego.com.br\/index.php?rest_route=\/wp\/v2\/posts"}],"about":[{"href":"https:\/\/vagas.portalemprego.com.br\/index.php?rest_route=\/wp\/v2\/types\/post"}],"author":[{"embeddable":true,"href":"https:\/\/vagas.portalemprego.com.br\/index.php?rest_route=\/wp\/v2\/users\/1"}],"replies":[{"embeddable":true,"href":"https:\/\/vagas.portalemprego.com.br\/index.php?rest_route=%2Fwp%2Fv2%2Fcomments&post=7147"}],"version-history":[{"count":0,"href":"https:\/\/vagas.portalemprego.com.br\/index.php?rest_route=\/wp\/v2\/posts\/7147\/revisions"}],"wp:attachment":[{"href":"https:\/\/vagas.portalemprego.com.br\/index.php?rest_route=%2Fwp%2Fv2%2Fmedia&parent=7147"}],"wp:term":[{"taxonomy":"category","embeddable":true,"href":"https:\/\/vagas.portalemprego.com.br\/index.php?rest_route=%2Fwp%2Fv2%2Fcategories&post=7147"},{"taxonomy":"post_tag","embeddable":true,"href":"https:\/\/vagas.portalemprego.com.br\/index.php?rest_route=%2Fwp%2Fv2%2Ftags&post=7147"}],"curies":[{"name":"wp","href":"https:\/\/api.w.org\/{rel}","templated":true}]}}