{"id":7148,"date":"2026-04-29T06:29:29","date_gmt":"2026-04-29T09:29:29","guid":{"rendered":"https:\/\/vagas.portalemprego.com.br\/?p=7148"},"modified":"2026-04-29T06:29:29","modified_gmt":"2026-04-29T09:29:29","slug":"porteiro-seguranca-rio-de-janeiro-12","status":"publish","type":"post","link":"https:\/\/vagas.portalemprego.com.br\/?p=7148","title":{"rendered":"Porteiro &#8211; Seguran\u00e7a &#8211; Rio de Janeiro"},"content":{"rendered":"<p>Estimado(a) Candidato(a),<\/p>\n<p>N\u00f3s do GRUPO GISA estamos \u00e0 procura de PORTEIROS, VIGIAS, CONTROLADORES DE ACESSO E RONDAS para refor\u00e7ar nossas equipes.<\/p>\n<p>A vaga requer um profissional respons\u00e1vel, com boa postura e habilidades interpessoais.<\/p>\n<p>Requisitos:<br \/>\n1. Assiduidade e pontualidade.<br \/>\n2. Ensino M\u00e9dio Completo.<br \/>\n3. Habilidade com computador, especialmente sistemas de controle de acesso de portaria.<br \/>\n4. Capacidade de trabalhar em equipe e manter um ambiente profissional.<br \/>\n5. Atitude detalhista, proativa e organizada.<br \/>\n6. Prazer em interagir com o p\u00fablico.<\/p>\n<p>As tarefas incluem:<br \/>\n&#8211; Controle de acesso e sa\u00edda de visitantes e funcion\u00e1rios.<br \/>\n&#8211; Gerenciamento de chamadas e correspond\u00eancias.<br \/>\n&#8211; Manuten\u00e7\u00e3o de registros e relat\u00f3rios di\u00e1rios.<br \/>\n&#8211; Apoio \u00e0 equipe em tarefas administrativas.<\/p>\n<p>N\u00f3s oferecemos:<br \/>\n&#8211; Um ambiente de trabalho desafiador e gratificante.<br \/>\n&#8211; Oportunidades de crescimento profissional.<br \/>\n&#8211; Um time dedicado e comprometido com a qualidade do servi\u00e7o.<\/p>\n<p>Se voc\u00ea se identifica com as habilidades e interesses acima mencionados, envie-nos seu curr\u00edculo atualizado.<br \/>\nAgradecemos o interesse e esperamos por sua contribui\u00e7\u00e3o para o crescimento do GRUPO GISA.<\/p>\n<p>Nossos postos de trabalho est\u00e3o localizados em sua maioria, no Recreio dos Bandeirantes, Barra da Tijuca, Valqueire, Campinho, Iraj\u00e1, entre outros bairros.<\/p>\n<p>Atenciosamente,<br \/>\nTime de Recrutamento e Sele\u00e7\u00e3o do GRUPO GISA.<\/p>\n<ul>\n<li>N\u00famero de vagas: 50<\/li>\n<li>Local de trabalho: Rio de Janeiro, RJ<\/li>\n<li>Regime de contrata\u00e7\u00e3o de tipo: Efetivo \u2013 CLT<\/li>\n<li>Jornada: Per\u00edodo Integral<\/li>\n<li>\u00c1rea e especializa\u00e7\u00e3o profissional: Seguran\u00e7a &#8211; Portaria Industrial, Comercial, Resid\u00eancial<\/li>\n<li>N\u00edvel hier\u00e1rquico: Operacional<\/li>\n<\/ul>\n<p>HABILIDADES<\/p>\n<ul>\n<li>Gostar de lidar com o p\u00fablico<\/li>\n<li>Organizado<\/li>\n<li>Pro atividade<\/li>\n<li>Ser detalhista<\/li>\n<li>Saber trabalhar em equipe<\/li>\n<li>Postura Profissional<\/li>\n<li>Ter habilidade com computador, em especial sistemas de controle de acesso de portaria<\/li>\n<li>Responsabilidade<\/li>\n<li>Pontulidade<\/li>\n<li>Assiduidade<\/li>\n<li>Ensino M\u00e9dio Completo<\/li>\n<\/ul>\n<p>Escolaridade M\u00ednima: Ensino M\u00e9dio (2\u00ba Grau)<\/p>\n<ul>\n<li>Vale Transporte<\/li>\n<li>Alimenta\u00e7\u00e3o<\/li>\n<\/ul>\n","protected":false},"excerpt":{"rendered":"<p>Estimado(a) Candidato(a), N\u00f3s do GRUPO GISA estamos \u00e0 procura de PORTEIROS, VIGIAS, CONTROLADORES DE ACESSO E RONDAS para refor\u00e7ar nossas equipes. A vaga requer um profissional respons\u00e1vel, com boa postura e habilidades interpessoais. Requisitos: 1. Assiduidade e pontualidade. 2. Ensino M\u00e9dio Completo. 3. Habilidade com computador, especialmente sistemas de controle de acesso de portaria. 4. [&hellip;]<\/p>\n","protected":false},"author":1,"featured_media":0,"comment_status":"open","ping_status":"open","sticky":false,"template":"","format":"standard","meta":{"footnotes":""},"categories":[21],"tags":[],"class_list":["post-7148","post","type-post","status-publish","format-standard","hentry","category-rio-de-janeiro-rj"],"_links":{"self":[{"href":"https:\/\/vagas.portalemprego.com.br\/index.php?rest_route=\/wp\/v2\/posts\/7148","targetHints":{"allow":["GET"]}}],"collection":[{"href":"https:\/\/vagas.portalemprego.com.br\/index.php?rest_route=\/wp\/v2\/posts"}],"about":[{"href":"https:\/\/vagas.portalemprego.com.br\/index.php?rest_route=\/wp\/v2\/types\/post"}],"author":[{"embeddable":true,"href":"https:\/\/vagas.portalemprego.com.br\/index.php?rest_route=\/wp\/v2\/users\/1"}],"replies":[{"embeddable":true,"href":"https:\/\/vagas.portalemprego.com.br\/index.php?rest_route=%2Fwp%2Fv2%2Fcomments&post=7148"}],"version-history":[{"count":0,"href":"https:\/\/vagas.portalemprego.com.br\/index.php?rest_route=\/wp\/v2\/posts\/7148\/revisions"}],"wp:attachment":[{"href":"https:\/\/vagas.portalemprego.com.br\/index.php?rest_route=%2Fwp%2Fv2%2Fmedia&parent=7148"}],"wp:term":[{"taxonomy":"category","embeddable":true,"href":"https:\/\/vagas.portalemprego.com.br\/index.php?rest_route=%2Fwp%2Fv2%2Fcategories&post=7148"},{"taxonomy":"post_tag","embeddable":true,"href":"https:\/\/vagas.portalemprego.com.br\/index.php?rest_route=%2Fwp%2Fv2%2Ftags&post=7148"}],"curies":[{"name":"wp","href":"https:\/\/api.w.org\/{rel}","templated":true}]}}