{"id":7150,"date":"2026-04-29T06:29:29","date_gmt":"2026-04-29T09:29:29","guid":{"rendered":"https:\/\/vagas.portalemprego.com.br\/?p=7150"},"modified":"2026-04-29T06:29:29","modified_gmt":"2026-04-29T09:29:29","slug":"assistente-de-planejamento-de-manutencao-administracao-rio-de-janeiro","status":"publish","type":"post","link":"https:\/\/vagas.portalemprego.com.br\/?p=7150","title":{"rendered":"ASSISTENTE DE PLANEJAMENTO DE MANUTEN\u00c7\u00c3O &#8211; Administra\u00e7\u00e3o &#8211; Rio de Janeiro"},"content":{"rendered":"<p>VAGA DISPON\u00cdVEL: ASSISTENTE DE PLANEJAMENTO DE MANUTEN\u00c7\u00c3O I <\/p>\n<p>Sal\u00e1rio: R$ 1.996,00<br \/>\nEscala: Segunda a Sexta (08h:00 \u00e0s 17h:48)<br \/>\nLocal: Rua Joaquina Rosa, 183 &#8211; M\u00e9ier, RJ<\/p>\n<p>Benef\u00edcios:<br \/>\n-Vale Transporte<br \/>\n-Vale Refei\u00e7\u00e3o<\/p>\n<p>Descri\u00e7\u00e3o do Cargo:<br \/>\n-Enviar e acompanhar o cronograma mensal de preventivas<br \/>\n-Acompanhar chamados preventivos no sistema do cliente<br \/>\n-Elaborar propostas conforme orienta\u00e7\u00e3o da supervis\u00e3o e equipe t\u00e9cnica<br \/>\n-Solicitar materiais necess\u00e1rios para aplica\u00e7\u00e3o no cliente<br \/>\n-Fechar preventivas mensais no sistema do cliente<br \/>\n-Reportar ao cliente e ao gestor imediato<br \/>\n-Apoiar nas demandas de DP junto ao time<br \/>\n-Controlar o almoxarifado do contrato (materiais, ferramentas e EPIs)<\/p>\n<p>Como se Candidatar: Envie seu curr\u00edculo para: pedro.ataide@gpssa.com.br<br \/>\nOu entre em contato pelo WhatsApp: 11 99312-0069<\/p>\n<p>N\u00e3o perca essa oportunidade de fazer parte de nossa equipe!<\/p>\n<ul>\n<li>Local de trabalho: Rio de Janeiro, RJ<\/li>\n<li>Regime de contrata\u00e7\u00e3o de tipo: Efetivo \u2013 CLT<\/li>\n<li>Jornada: Per\u00edodo Integral<\/li>\n<li>\u00c1rea e especializa\u00e7\u00e3o profissional: Administra\u00e7\u00e3o &#8211; Administra\u00e7\u00e3o Geral<\/li>\n<li>N\u00edvel hier\u00e1rquico: Assistente<\/li>\n<\/ul>\n<p>VALORIZADO<\/p>\n<p>Tempo de experi\u00eancia: Entre 1 e 3 anos<\/p>\n<p>Escolaridade M\u00ednima: Ensino M\u00e9dio (2\u00ba Grau)<\/p>\n<p>Sal\u00e1rio: 1996,01<\/p>\n","protected":false},"excerpt":{"rendered":"<p>VAGA DISPON\u00cdVEL: ASSISTENTE DE PLANEJAMENTO DE MANUTEN\u00c7\u00c3O I Sal\u00e1rio: R$ 1.996,00 Escala: Segunda a Sexta (08h:00 \u00e0s 17h:48) Local: Rua Joaquina Rosa, 183 &#8211; M\u00e9ier, RJ Benef\u00edcios: -Vale Transporte -Vale Refei\u00e7\u00e3o Descri\u00e7\u00e3o do Cargo: -Enviar e acompanhar o cronograma mensal de preventivas -Acompanhar chamados preventivos no sistema do cliente -Elaborar propostas conforme orienta\u00e7\u00e3o da supervis\u00e3o [&hellip;]<\/p>\n","protected":false},"author":1,"featured_media":0,"comment_status":"open","ping_status":"open","sticky":false,"template":"","format":"standard","meta":{"footnotes":""},"categories":[21],"tags":[],"class_list":["post-7150","post","type-post","status-publish","format-standard","hentry","category-rio-de-janeiro-rj"],"_links":{"self":[{"href":"https:\/\/vagas.portalemprego.com.br\/index.php?rest_route=\/wp\/v2\/posts\/7150","targetHints":{"allow":["GET"]}}],"collection":[{"href":"https:\/\/vagas.portalemprego.com.br\/index.php?rest_route=\/wp\/v2\/posts"}],"about":[{"href":"https:\/\/vagas.portalemprego.com.br\/index.php?rest_route=\/wp\/v2\/types\/post"}],"author":[{"embeddable":true,"href":"https:\/\/vagas.portalemprego.com.br\/index.php?rest_route=\/wp\/v2\/users\/1"}],"replies":[{"embeddable":true,"href":"https:\/\/vagas.portalemprego.com.br\/index.php?rest_route=%2Fwp%2Fv2%2Fcomments&post=7150"}],"version-history":[{"count":0,"href":"https:\/\/vagas.portalemprego.com.br\/index.php?rest_route=\/wp\/v2\/posts\/7150\/revisions"}],"wp:attachment":[{"href":"https:\/\/vagas.portalemprego.com.br\/index.php?rest_route=%2Fwp%2Fv2%2Fmedia&parent=7150"}],"wp:term":[{"taxonomy":"category","embeddable":true,"href":"https:\/\/vagas.portalemprego.com.br\/index.php?rest_route=%2Fwp%2Fv2%2Fcategories&post=7150"},{"taxonomy":"post_tag","embeddable":true,"href":"https:\/\/vagas.portalemprego.com.br\/index.php?rest_route=%2Fwp%2Fv2%2Ftags&post=7150"}],"curies":[{"name":"wp","href":"https:\/\/api.w.org\/{rel}","templated":true}]}}