{"id":7153,"date":"2026-04-29T06:29:29","date_gmt":"2026-04-29T09:29:29","guid":{"rendered":"https:\/\/vagas.portalemprego.com.br\/?p=7153"},"modified":"2026-04-29T06:29:29","modified_gmt":"2026-04-29T09:29:29","slug":"encarregado-operacional-em-controle-de-pragas-rj-meio-ambiente-ecologia-rio-de-janeiro","status":"publish","type":"post","link":"https:\/\/vagas.portalemprego.com.br\/?p=7153","title":{"rendered":"ENCARREGADO OPERACIONAL EM CONTROLE DE PRAGAS &#8211; RJ &#8211; Meio Ambiente, Ecologia &#8211; Rio de Janeiro"},"content":{"rendered":"<p>VAGA PARA ENCARREGADO OPERACIONAL EM CONTROLE DE PRAGAS<\/p>\n<p>Empresa busca um Encarregado Operacional para se juntar \u00e0 equipe de Controle de Pragas. Se voc\u00ea \u00e9 proativo, possui experi\u00eancia na \u00e1rea e est\u00e1 disposto a liderar uma equipe em busca das melhores solu\u00e7\u00f5es para nossos clientes, essa \u00e9 a sua chance! Verifique os pr\u00e9-requisitos e confira se essa vaga \u00e9 para voc\u00ea:<\/p>\n<p>-Morar no Munic\u00edpio do RJ.<br \/>\n-Ensino m\u00e9dio.<br \/>\n-Experi\u00eancia comprovada em supervis\u00e3o de equipe.<br \/>\n-Experi\u00eancia em gest\u00e3o de servi\u00e7os, atendimento ao cliente, gerenciamento de pessoas, t\u00e9cnica s\u00eanior.<\/p>\n<p>PERFIL NECESS\u00c1RIO:<\/p>\n<p>Boa comunica\u00e7\u00e3o verbal e escrita, perfil de lideran\u00e7a, profissionalismo, capacidade de planejamento.<\/p>\n<p>ATRIBUI\u00c7\u00d5ES:<\/p>\n<p>-Estabelecer todo o processo da rotina operacional relacionada aos colaboradores da execu\u00e7\u00e3o.<br \/>\n-Designar servi\u00e7os de forma individual e coletiva.<br \/>\n-Supervisionar as atividades da equipe.<br \/>\n-Coordenar os t\u00e9cnicos e auxiliares t\u00e9cnicos nos processos de execu\u00e7\u00e3o.<br \/>\n-Organizar cronogramas e rotas conforme a melhor log\u00edstica.<br \/>\n-Instruir a equipe sobre d\u00favidas de conduta no cliente.<br \/>\n-Atualizar a equipe sobre o uso de equipamentos e produtos do servi\u00e7o.<br \/>\n-Reiterar o uso adequado de uniformes e identifica\u00e7\u00e3o dos colaboradores externos.<br \/>\n-Supervisionar a equipe de controle de pragas e higieniza\u00e7\u00e3o.<br \/>\n-Garantir a execu\u00e7\u00e3o das tarefas conforme normas de seguran\u00e7a e qualidade.<br \/>\n-Monitorar o uso adequado de equipamentos e insumos.<br \/>\n-Reportar resultados das opera\u00e7\u00f5es e eventuais problemas \u00e0 ger\u00eancia<br \/>\n-Entre outras tarefas relacionadas ao cargo.<\/p>\n<ul>\n<li>Local de trabalho: Rio de Janeiro, RJ<\/li>\n<li>Regime de contrata\u00e7\u00e3o de tipo: Efetivo \u2013 CLT<\/li>\n<li>Jornada: Per\u00edodo Integral<\/li>\n<li>\u00c1rea e especializa\u00e7\u00e3o profissional: Meio Ambiente, Ecologia &#8211; Saneamento Ambiental<\/li>\n<li>N\u00edvel hier\u00e1rquico: Encarregado<\/li>\n<\/ul>\n<p>HABILIDADES<\/p>\n<ul>\n<li>habilidade em liderar<\/li>\n<li>proatividade<\/li>\n<li>lideran\u00e7a<\/li>\n<\/ul>\n<p>Escolaridade M\u00ednima: Ensino M\u00e9dio (2\u00ba Grau)<\/p>\n<ul>\n<li>Vale transporte<\/li>\n<li>Vale refei\u00e7\u00e3o<\/li>\n<li>Plano odontol\u00f3gico<\/li>\n<li>Seguro de vida em grupo<\/li>\n<li>Adicional de insalubridade<\/li>\n<\/ul>\n","protected":false},"excerpt":{"rendered":"<p>VAGA PARA ENCARREGADO OPERACIONAL EM CONTROLE DE PRAGAS Empresa busca um Encarregado Operacional para se juntar \u00e0 equipe de Controle de Pragas. Se voc\u00ea \u00e9 proativo, possui experi\u00eancia na \u00e1rea e est\u00e1 disposto a liderar uma equipe em busca das melhores solu\u00e7\u00f5es para nossos clientes, essa \u00e9 a sua chance! Verifique os pr\u00e9-requisitos e confira [&hellip;]<\/p>\n","protected":false},"author":1,"featured_media":0,"comment_status":"open","ping_status":"open","sticky":false,"template":"","format":"standard","meta":{"footnotes":""},"categories":[21],"tags":[],"class_list":["post-7153","post","type-post","status-publish","format-standard","hentry","category-rio-de-janeiro-rj"],"_links":{"self":[{"href":"https:\/\/vagas.portalemprego.com.br\/index.php?rest_route=\/wp\/v2\/posts\/7153","targetHints":{"allow":["GET"]}}],"collection":[{"href":"https:\/\/vagas.portalemprego.com.br\/index.php?rest_route=\/wp\/v2\/posts"}],"about":[{"href":"https:\/\/vagas.portalemprego.com.br\/index.php?rest_route=\/wp\/v2\/types\/post"}],"author":[{"embeddable":true,"href":"https:\/\/vagas.portalemprego.com.br\/index.php?rest_route=\/wp\/v2\/users\/1"}],"replies":[{"embeddable":true,"href":"https:\/\/vagas.portalemprego.com.br\/index.php?rest_route=%2Fwp%2Fv2%2Fcomments&post=7153"}],"version-history":[{"count":0,"href":"https:\/\/vagas.portalemprego.com.br\/index.php?rest_route=\/wp\/v2\/posts\/7153\/revisions"}],"wp:attachment":[{"href":"https:\/\/vagas.portalemprego.com.br\/index.php?rest_route=%2Fwp%2Fv2%2Fmedia&parent=7153"}],"wp:term":[{"taxonomy":"category","embeddable":true,"href":"https:\/\/vagas.portalemprego.com.br\/index.php?rest_route=%2Fwp%2Fv2%2Fcategories&post=7153"},{"taxonomy":"post_tag","embeddable":true,"href":"https:\/\/vagas.portalemprego.com.br\/index.php?rest_route=%2Fwp%2Fv2%2Ftags&post=7153"}],"curies":[{"name":"wp","href":"https:\/\/api.w.org\/{rel}","templated":true}]}}