{"id":7154,"date":"2026-04-29T06:29:29","date_gmt":"2026-04-29T09:29:29","guid":{"rendered":"https:\/\/vagas.portalemprego.com.br\/?p=7154"},"modified":"2026-04-29T06:29:29","modified_gmt":"2026-04-29T09:29:29","slug":"tecnico-de-suporte-junior-informatica-ti-telecomunicacoes-rio-de-janeiro","status":"publish","type":"post","link":"https:\/\/vagas.portalemprego.com.br\/?p=7154","title":{"rendered":"T\u00e9cnico de Suporte J\u00fanior &#8211; Inform\u00e1tica, TI, Telecomunica\u00e7\u00f5es &#8211; Rio de Janeiro"},"content":{"rendered":"<p>Buscamos um(a) profissional para atuar na identifica\u00e7\u00e3o de falhas e propor solu\u00e7\u00f5es e melhorias nos softwares de automa\u00e7\u00e3o de escrit\u00f3rio e hardware em uso na empresa, promovendo a satisfa\u00e7\u00e3o do cliente interno\/externo em tempo h\u00e1bil.<\/p>\n<p>Descri\u00e7\u00e3o de algumas atividades:<\/p>\n<p>\u2022 Atender \u00e0s d\u00favidas de usu\u00e1rios de softwares de automa\u00e7\u00e3o de escrit\u00f3rio (Microsoft Office, Lotus Notes, etc)<br \/>\n\u2022 Atender a problemas de hardware de equipamentos (micros, impressoras, etc)<br \/>\n\u2022 Instalar e configurar software e hardware de equipamentos (micros, impressoras, etc)<br \/>\n\u2022 Identificar e buscar solu\u00e7\u00e3o de problemas e falhas de hardware e software.<br \/>\n\u2022 Atuar como contato com fornecedores e terceiros, prestadores de servi\u00e7os, acompanhando suas<br \/>\ntarefas<br \/>\n\u2022 Acompanhar e controlar a manuten\u00e7\u00e3o de m\u00e1quinas e equipamentos<br \/>\n\u2022 Manter invent\u00e1rio de equipamentos<br \/>\n\u2022 Zelar pelo bom funcionamento das m\u00e1quinas e equipamentos<br \/>\n\u2022 Orientar usu\u00e1rios quanto ao bom uso e funcionamento de m\u00e1quinas e equipamentos<br \/>\n\u2022 Fazer sugest\u00f5es para melhoria de processos de atendimento a usu\u00e1rios<\/p>\n<p>Requisitos:<\/p>\n<p>\u2022 Ensino superior completo ou cursando em cursos relacionados a TI.<br \/>\n\u2022 \u00c9 necess\u00e1rio o conhecimento do ingl\u00eas t\u00e9cnico<\/p>\n<p>Oferecemos:<\/p>\n<p>\u2022 Treinamento, excelente ambiente de trabalho, benef\u00edcios e remunera\u00e7\u00e3o compat\u00edveis.<\/p>\n<ul>\n<li>Local de trabalho: Rio de Janeiro, RJ<\/li>\n<li>Regime de contrata\u00e7\u00e3o de tipo: Efetivo \u2013 CLT<\/li>\n<li>Jornada: Per\u00edodo Integral<\/li>\n<li>\u00c1rea e especializa\u00e7\u00e3o profissional: Inform\u00e1tica, TI, Telecomunica\u00e7\u00f5es &#8211; Suporte T\u00e9cnico<\/li>\n<li>N\u00edvel hier\u00e1rquico: Operacional<\/li>\n<\/ul>\n<p>VALORIZADO<\/p>\n<p>Tempo de experi\u00eancia: Entre 1 e 3 anos<\/p>\n<p>Escolaridade M\u00ednima: Ensino Superior<\/p>\n<ul>\n<li>Vale-alimenta\u00e7\u00e3o<\/li>\n<li>Vale-transporte<\/li>\n<li>Assist\u00eancia m\u00e9dica<\/li>\n<li>Assist\u00eancia odontol\u00f3gica<\/li>\n<li>Seguro de Vida<\/li>\n<li>Previd\u00eancia Privada<\/li>\n<\/ul>\n","protected":false},"excerpt":{"rendered":"<p>Buscamos um(a) profissional para atuar na identifica\u00e7\u00e3o de falhas e propor solu\u00e7\u00f5es e melhorias nos softwares de automa\u00e7\u00e3o de escrit\u00f3rio e hardware em uso na empresa, promovendo a satisfa\u00e7\u00e3o do cliente interno\/externo em tempo h\u00e1bil. Descri\u00e7\u00e3o de algumas atividades: \u2022 Atender \u00e0s d\u00favidas de usu\u00e1rios de softwares de automa\u00e7\u00e3o de escrit\u00f3rio (Microsoft Office, Lotus Notes, [&hellip;]<\/p>\n","protected":false},"author":1,"featured_media":0,"comment_status":"open","ping_status":"open","sticky":false,"template":"","format":"standard","meta":{"footnotes":""},"categories":[21],"tags":[],"class_list":["post-7154","post","type-post","status-publish","format-standard","hentry","category-rio-de-janeiro-rj"],"_links":{"self":[{"href":"https:\/\/vagas.portalemprego.com.br\/index.php?rest_route=\/wp\/v2\/posts\/7154","targetHints":{"allow":["GET"]}}],"collection":[{"href":"https:\/\/vagas.portalemprego.com.br\/index.php?rest_route=\/wp\/v2\/posts"}],"about":[{"href":"https:\/\/vagas.portalemprego.com.br\/index.php?rest_route=\/wp\/v2\/types\/post"}],"author":[{"embeddable":true,"href":"https:\/\/vagas.portalemprego.com.br\/index.php?rest_route=\/wp\/v2\/users\/1"}],"replies":[{"embeddable":true,"href":"https:\/\/vagas.portalemprego.com.br\/index.php?rest_route=%2Fwp%2Fv2%2Fcomments&post=7154"}],"version-history":[{"count":0,"href":"https:\/\/vagas.portalemprego.com.br\/index.php?rest_route=\/wp\/v2\/posts\/7154\/revisions"}],"wp:attachment":[{"href":"https:\/\/vagas.portalemprego.com.br\/index.php?rest_route=%2Fwp%2Fv2%2Fmedia&parent=7154"}],"wp:term":[{"taxonomy":"category","embeddable":true,"href":"https:\/\/vagas.portalemprego.com.br\/index.php?rest_route=%2Fwp%2Fv2%2Fcategories&post=7154"},{"taxonomy":"post_tag","embeddable":true,"href":"https:\/\/vagas.portalemprego.com.br\/index.php?rest_route=%2Fwp%2Fv2%2Ftags&post=7154"}],"curies":[{"name":"wp","href":"https:\/\/api.w.org\/{rel}","templated":true}]}}