{"id":7157,"date":"2026-04-29T06:29:29","date_gmt":"2026-04-29T09:29:29","guid":{"rendered":"https:\/\/vagas.portalemprego.com.br\/?p=7157"},"modified":"2026-04-29T06:29:29","modified_gmt":"2026-04-29T09:29:29","slug":"auxiliar-de-vendas-vila-da-penha-comercial-vendas-rio-de-janeiro","status":"publish","type":"post","link":"https:\/\/vagas.portalemprego.com.br\/?p=7157","title":{"rendered":"AUXILIAR DE VENDAS &#8211; VILA DA PENHA &#8211; Comercial, Vendas &#8211; Rio de Janeiro"},"content":{"rendered":"<p>Corretora de Seguros em expans\u00e3o, busca um Auxiliar de Vendas para se juntar \u00e0 sua equipe. Se voc\u00ea \u00e9 motivado por desafios, metas e tem uma verdadeira paix\u00e3o por vendas, essa \u00e9 a sua chance! Verifique os pr\u00e9-requisitos e confira se essa vaga \u00e9 para voc\u00ea:<\/p>\n<p>-Morar no Munic\u00edpio do RJ.<br \/>\n-Ensino m\u00e9dio.<br \/>\n-Pacote Office.<br \/>\n-Experi\u00eancia comprovada em vendas de planos de sa\u00fade, seguro de vida e ramos elementares.<\/p>\n<p>PERFIL NECESS\u00c1RIO:<\/p>\n<p>Ser comunicativo(a) e ativo(a) ao telefone e presencial, ter habilidade em persuas\u00e3o e negocia\u00e7\u00e3o, proatividade.<\/p>\n<p>ATRIBUI\u00c7\u00d5ES:<\/p>\n<p>-Acompanhar e executar suporte ao cliente;<br \/>\n-Prospectar e atender clientes;<br \/>\n-Apresentar propostas, realizar or\u00e7amentos e c\u00e1lculos at\u00e9 o fechamento da ap\u00f3lice;<br \/>\n-Controle e atualiza\u00e7\u00e3o de rotinas operacionais;<br \/>\n-Relacionamento com clientes e seguradoras;<br \/>\n-Atendimento interno e externo. PAP;<br \/>\n-Cumprir metas;<br \/>\n-Entre outras tarefas relacionadas ao cargo.<\/p>\n<p>BENEF\u00cdCIOS:<\/p>\n<p>-Sal\u00e1rio compat\u00edvel com o mercado.<br \/>\n-Comiss\u00e3o.<br \/>\n-Vale Transporte.<br \/>\n-Vale Refei\u00e7\u00e3o.<br \/>\n-Seguro de vida em grupo.<\/p>\n<p>-Regime CLT<br \/>\n-Jornada: 40h semanais<\/p>\n<ul>\n<li>Local de trabalho: Rio de Janeiro, RJ<\/li>\n<li>Regime de contrata\u00e7\u00e3o de tipo: Efetivo \u2013 CLT<\/li>\n<li>Jornada: Per\u00edodo Integral<\/li>\n<li>\u00c1rea e especializa\u00e7\u00e3o profissional: Comercial, Vendas &#8211; Representa\u00e7\u00e3o Comercial<\/li>\n<li>N\u00edvel hier\u00e1rquico: Operacional<\/li>\n<\/ul>\n<p>VALORIZADO<\/p>\n<p>Tempo de experi\u00eancia: Entre 1 e 3 anos<\/p>\n<p>HABILIDADES<\/p>\n<ul>\n<li>Microsoft Excel<\/li>\n<li>persuas\u00e3o<\/li>\n<li>vendas<\/li>\n<li>PAP<\/li>\n<\/ul>\n<p>Escolaridade M\u00ednima: Ensino M\u00e9dio (2\u00ba Grau)<\/p>\n<p>Forma\u00e7\u00e3o desejada:<\/p>\n<ul>\n<li>Ensino M\u00e9dio (2\u00ba Grau)<\/li>\n<\/ul>\n<ul>\n<li>Comiss\u00e3o<\/li>\n<li>Vale transporte<\/li>\n<li>Vale refei\u00e7\u00e3o<\/li>\n<li>Seguro de vida em grupo<\/li>\n<\/ul>\n","protected":false},"excerpt":{"rendered":"<p>Corretora de Seguros em expans\u00e3o, busca um Auxiliar de Vendas para se juntar \u00e0 sua equipe. Se voc\u00ea \u00e9 motivado por desafios, metas e tem uma verdadeira paix\u00e3o por vendas, essa \u00e9 a sua chance! Verifique os pr\u00e9-requisitos e confira se essa vaga \u00e9 para voc\u00ea: -Morar no Munic\u00edpio do RJ. -Ensino m\u00e9dio. -Pacote Office. [&hellip;]<\/p>\n","protected":false},"author":1,"featured_media":0,"comment_status":"open","ping_status":"open","sticky":false,"template":"","format":"standard","meta":{"footnotes":""},"categories":[21],"tags":[],"class_list":["post-7157","post","type-post","status-publish","format-standard","hentry","category-rio-de-janeiro-rj"],"_links":{"self":[{"href":"https:\/\/vagas.portalemprego.com.br\/index.php?rest_route=\/wp\/v2\/posts\/7157","targetHints":{"allow":["GET"]}}],"collection":[{"href":"https:\/\/vagas.portalemprego.com.br\/index.php?rest_route=\/wp\/v2\/posts"}],"about":[{"href":"https:\/\/vagas.portalemprego.com.br\/index.php?rest_route=\/wp\/v2\/types\/post"}],"author":[{"embeddable":true,"href":"https:\/\/vagas.portalemprego.com.br\/index.php?rest_route=\/wp\/v2\/users\/1"}],"replies":[{"embeddable":true,"href":"https:\/\/vagas.portalemprego.com.br\/index.php?rest_route=%2Fwp%2Fv2%2Fcomments&post=7157"}],"version-history":[{"count":0,"href":"https:\/\/vagas.portalemprego.com.br\/index.php?rest_route=\/wp\/v2\/posts\/7157\/revisions"}],"wp:attachment":[{"href":"https:\/\/vagas.portalemprego.com.br\/index.php?rest_route=%2Fwp%2Fv2%2Fmedia&parent=7157"}],"wp:term":[{"taxonomy":"category","embeddable":true,"href":"https:\/\/vagas.portalemprego.com.br\/index.php?rest_route=%2Fwp%2Fv2%2Fcategories&post=7157"},{"taxonomy":"post_tag","embeddable":true,"href":"https:\/\/vagas.portalemprego.com.br\/index.php?rest_route=%2Fwp%2Fv2%2Ftags&post=7157"}],"curies":[{"name":"wp","href":"https:\/\/api.w.org\/{rel}","templated":true}]}}