{"id":7158,"date":"2026-04-29T06:29:29","date_gmt":"2026-04-29T09:29:29","guid":{"rendered":"https:\/\/vagas.portalemprego.com.br\/?p=7158"},"modified":"2026-04-29T06:29:29","modified_gmt":"2026-04-29T09:29:29","slug":"gerente-de-conta-vendedor-1038-comercial-vendas-rio-de-janeiro","status":"publish","type":"post","link":"https:\/\/vagas.portalemprego.com.br\/?p=7158","title":{"rendered":"Gerente de conta ( vendedor) #1038 &#8211; Comercial, Vendas &#8211; Rio de Janeiro"},"content":{"rendered":"<p>Responsabilidades : Realizar vendas em multicanais , gerenciar carteira de clientes e vender produtos ( ramo automobilistico)<\/p>\n<p>Remunera\u00e7\u00e3o : Sal\u00e1rio fixo + comiss\u00e3o <\/p>\n<p>Hor\u00e1rio : das 9h as 17h<\/p>\n<p>Requisitos : ensino m\u00e9dio completo  , ter computador , celular e internet para trabalhar em home office .<\/p>\n<ul>\n<li>N\u00famero de vagas: 2<\/li>\n<li>Local de trabalho: Rio de Janeiro, RJ<\/li>\n<li>Regime de contrata\u00e7\u00e3o de tipo: Efetivo \u2013 CLT<\/li>\n<li>Jornada: Per\u00edodo Integral<\/li>\n<li>\u00c1rea e especializa\u00e7\u00e3o profissional: Comercial, Vendas &#8211; Representa\u00e7\u00e3o Comercial<\/li>\n<li>N\u00edvel hier\u00e1rquico: Consultor<\/li>\n<\/ul>\n<p>VALORIZADO<\/p>\n<p>Tempo de experi\u00eancia: Entre 1 e 3 anos<\/p>\n<p>Escolaridade M\u00ednima: Ensino M\u00e9dio (2\u00ba Grau)<\/p>\n","protected":false},"excerpt":{"rendered":"<p>Responsabilidades : Realizar vendas em multicanais , gerenciar carteira de clientes e vender produtos ( ramo automobilistico) Remunera\u00e7\u00e3o : Sal\u00e1rio fixo + comiss\u00e3o Hor\u00e1rio : das 9h as 17h Requisitos : ensino m\u00e9dio completo , ter computador , celular e internet para trabalhar em home office . N\u00famero de vagas: 2 Local de trabalho: Rio [&hellip;]<\/p>\n","protected":false},"author":1,"featured_media":0,"comment_status":"open","ping_status":"open","sticky":false,"template":"","format":"standard","meta":{"footnotes":""},"categories":[21],"tags":[],"class_list":["post-7158","post","type-post","status-publish","format-standard","hentry","category-rio-de-janeiro-rj"],"_links":{"self":[{"href":"https:\/\/vagas.portalemprego.com.br\/index.php?rest_route=\/wp\/v2\/posts\/7158","targetHints":{"allow":["GET"]}}],"collection":[{"href":"https:\/\/vagas.portalemprego.com.br\/index.php?rest_route=\/wp\/v2\/posts"}],"about":[{"href":"https:\/\/vagas.portalemprego.com.br\/index.php?rest_route=\/wp\/v2\/types\/post"}],"author":[{"embeddable":true,"href":"https:\/\/vagas.portalemprego.com.br\/index.php?rest_route=\/wp\/v2\/users\/1"}],"replies":[{"embeddable":true,"href":"https:\/\/vagas.portalemprego.com.br\/index.php?rest_route=%2Fwp%2Fv2%2Fcomments&post=7158"}],"version-history":[{"count":0,"href":"https:\/\/vagas.portalemprego.com.br\/index.php?rest_route=\/wp\/v2\/posts\/7158\/revisions"}],"wp:attachment":[{"href":"https:\/\/vagas.portalemprego.com.br\/index.php?rest_route=%2Fwp%2Fv2%2Fmedia&parent=7158"}],"wp:term":[{"taxonomy":"category","embeddable":true,"href":"https:\/\/vagas.portalemprego.com.br\/index.php?rest_route=%2Fwp%2Fv2%2Fcategories&post=7158"},{"taxonomy":"post_tag","embeddable":true,"href":"https:\/\/vagas.portalemprego.com.br\/index.php?rest_route=%2Fwp%2Fv2%2Ftags&post=7158"}],"curies":[{"name":"wp","href":"https:\/\/api.w.org\/{rel}","templated":true}]}}