{"id":7159,"date":"2026-04-29T06:29:29","date_gmt":"2026-04-29T09:29:29","guid":{"rendered":"https:\/\/vagas.portalemprego.com.br\/?p=7159"},"modified":"2026-04-29T06:29:29","modified_gmt":"2026-04-29T09:29:29","slug":"supervisor-comercial-frigorifico-comercial-vendas-resende","status":"publish","type":"post","link":"https:\/\/vagas.portalemprego.com.br\/?p=7159","title":{"rendered":"Supervisor Comercial &#8211; Frigorifico &#8211; Comercial, Vendas &#8211; Resende"},"content":{"rendered":"<p>Vaga: Supervisor Comercial &#8211; Frigor\u00edfico<\/p>\n<p>Local: Regi\u00e3o de atua\u00e7\u00e3o sul fluminense &#8211; RJ   ( Resende, Volta redonda, Barra mansa )<\/p>\n<p>Tipo de Emprego: Tempo Integral<\/p>\n<p>N\u00f3s estamos \u00e0 procura de um Supervisor Comercial apaixonado por vendas e com experi\u00eancia comprovada no setor de frigor\u00edficos. Se voc\u00ea tem habilidades de lideran\u00e7a s\u00f3lidas, uma mentalidade estrat\u00e9gica e uma paix\u00e3o por alcan\u00e7ar e ultrapassar metas, queremos conhec\u00ea-lo!<\/p>\n<p>Responsabilidades:<\/p>\n<p>1. Liderar e gerenciar um time de representante comercial , fornecendo orienta\u00e7\u00e3o, treinamento e suporte cont\u00ednuos.<br \/>\n2. Desenvolver e implementar planos de vendas estrat\u00e9gicos para atingir objetivos de vendas e crescimento.<br \/>\n3. Estabelecer e manter relacionamentos s\u00f3lidos com clientes atuais e potenciais.<br \/>\n4. Monitorar as atividades de vendas e fornecer feedback e aten\u00e7\u00e3o ao time.<br \/>\n5. Auxiliar no processo de or\u00e7amento e negocia\u00e7\u00e3o com clientes.<br \/>\n6. Gerenciar e acompanhar o desempenho do time de vendas, identificando oportunidades de melhoria e implementando a\u00e7\u00f5es corretivas.<br \/>\n7. Manter-se atualizado sobre os produtos e servi\u00e7os da empresa, bem como as tend\u00eancias do mercado e as atividades dos concorrentes.<\/p>\n<p>Experi\u00eancia de varejo no ramo aliment\u00edcio.<\/p>\n<p>Desej\u00e1vel ( alimentos c\u00e1rneos)<\/p>\n<p>Residir na regi\u00e3o <\/p>\n<p>Sal\u00e1rio fixo + Comiss\u00e3o <\/p>\n<p>Possuir veiculo pr\u00f3prio<\/p>\n<ul>\n<li>Local de trabalho: Resende, RJ<\/li>\n<li>Regime de contrata\u00e7\u00e3o de tipo: Cooperado<\/li>\n<li>Jornada: Per\u00edodo Integral<\/li>\n<li>\u00c1rea e especializa\u00e7\u00e3o profissional: Comercial, Vendas &#8211; Representa\u00e7\u00e3o Comercial<\/li>\n<li>N\u00edvel hier\u00e1rquico: Supervisor<\/li>\n<\/ul>\n<p>Escolaridade M\u00ednima: Ensino Superior<\/p>\n<p>Ve\u00edculo pr\u00f3prio<\/p>\n","protected":false},"excerpt":{"rendered":"<p>Vaga: Supervisor Comercial &#8211; Frigor\u00edfico Local: Regi\u00e3o de atua\u00e7\u00e3o sul fluminense &#8211; RJ ( Resende, Volta redonda, Barra mansa ) Tipo de Emprego: Tempo Integral N\u00f3s estamos \u00e0 procura de um Supervisor Comercial apaixonado por vendas e com experi\u00eancia comprovada no setor de frigor\u00edficos. Se voc\u00ea tem habilidades de lideran\u00e7a s\u00f3lidas, uma mentalidade estrat\u00e9gica e [&hellip;]<\/p>\n","protected":false},"author":1,"featured_media":0,"comment_status":"open","ping_status":"open","sticky":false,"template":"","format":"standard","meta":{"footnotes":""},"categories":[21],"tags":[],"class_list":["post-7159","post","type-post","status-publish","format-standard","hentry","category-rio-de-janeiro-rj"],"_links":{"self":[{"href":"https:\/\/vagas.portalemprego.com.br\/index.php?rest_route=\/wp\/v2\/posts\/7159","targetHints":{"allow":["GET"]}}],"collection":[{"href":"https:\/\/vagas.portalemprego.com.br\/index.php?rest_route=\/wp\/v2\/posts"}],"about":[{"href":"https:\/\/vagas.portalemprego.com.br\/index.php?rest_route=\/wp\/v2\/types\/post"}],"author":[{"embeddable":true,"href":"https:\/\/vagas.portalemprego.com.br\/index.php?rest_route=\/wp\/v2\/users\/1"}],"replies":[{"embeddable":true,"href":"https:\/\/vagas.portalemprego.com.br\/index.php?rest_route=%2Fwp%2Fv2%2Fcomments&post=7159"}],"version-history":[{"count":0,"href":"https:\/\/vagas.portalemprego.com.br\/index.php?rest_route=\/wp\/v2\/posts\/7159\/revisions"}],"wp:attachment":[{"href":"https:\/\/vagas.portalemprego.com.br\/index.php?rest_route=%2Fwp%2Fv2%2Fmedia&parent=7159"}],"wp:term":[{"taxonomy":"category","embeddable":true,"href":"https:\/\/vagas.portalemprego.com.br\/index.php?rest_route=%2Fwp%2Fv2%2Fcategories&post=7159"},{"taxonomy":"post_tag","embeddable":true,"href":"https:\/\/vagas.portalemprego.com.br\/index.php?rest_route=%2Fwp%2Fv2%2Ftags&post=7159"}],"curies":[{"name":"wp","href":"https:\/\/api.w.org\/{rel}","templated":true}]}}