{"id":7197,"date":"2026-04-29T06:32:32","date_gmt":"2026-04-29T09:32:32","guid":{"rendered":"https:\/\/vagas.portalemprego.com.br\/?p=7197"},"modified":"2026-04-29T06:32:32","modified_gmt":"2026-04-29T09:32:32","slug":"auxiliar-de-logistica-logistica-volta-redonda","status":"publish","type":"post","link":"https:\/\/vagas.portalemprego.com.br\/?p=7197","title":{"rendered":"Auxiliar de Log\u00edstica &#8211; Log\u00edstica &#8211; Volta Redonda"},"content":{"rendered":"<p>ATIVIDADES:<br \/>\nEmpresa l\u00edder mundial de vendas on-line, contrata Auxiliar de Log\u00edstica.<br \/>\nPara realizar atividades de bipagem de mercadorias, conferencia, separa\u00e7\u00e3o e armazenagem<\/p>\n<p>REQUISITOS:<br \/>\n&#8211; Perfil esperado \/ requisitos- Necess\u00e1rio Ensino M\u00e9dio Completo com certificado<br \/>\n&#8211; Disponibilidade para atuar em escala 6&#215;1.<\/p>\n<p>T3 &#8211; 22:00 \u00e0s 05:25 &#8211; 6&#215;1 seg a sab<\/p>\n<ul>\n<li>Local de trabalho: Volta Redonda, RJ<\/li>\n<li>Regime de contrata\u00e7\u00e3o de tipo: Tempor\u00e1rio<\/li>\n<li>Jornada: Per\u00edodo Integral<\/li>\n<li>\u00c1rea e especializa\u00e7\u00e3o profissional: Log\u00edstica &#8211; Log\u00edstica<\/li>\n<li>N\u00edvel hier\u00e1rquico: Operacional<\/li>\n<\/ul>\n<p>Escolaridade M\u00ednima: Ensino M\u00e9dio (2\u00ba Grau)<\/p>\n<p>Sal\u00e1rio: 1600,0<\/p>\n","protected":false},"excerpt":{"rendered":"<p>ATIVIDADES: Empresa l\u00edder mundial de vendas on-line, contrata Auxiliar de Log\u00edstica. Para realizar atividades de bipagem de mercadorias, conferencia, separa\u00e7\u00e3o e armazenagem REQUISITOS: &#8211; Perfil esperado \/ requisitos- Necess\u00e1rio Ensino M\u00e9dio Completo com certificado &#8211; Disponibilidade para atuar em escala 6&#215;1. T3 &#8211; 22:00 \u00e0s 05:25 &#8211; 6&#215;1 seg a sab Local de trabalho: Volta [&hellip;]<\/p>\n","protected":false},"author":1,"featured_media":0,"comment_status":"open","ping_status":"open","sticky":false,"template":"","format":"standard","meta":{"footnotes":""},"categories":[21],"tags":[],"class_list":["post-7197","post","type-post","status-publish","format-standard","hentry","category-rio-de-janeiro-rj"],"_links":{"self":[{"href":"https:\/\/vagas.portalemprego.com.br\/index.php?rest_route=\/wp\/v2\/posts\/7197","targetHints":{"allow":["GET"]}}],"collection":[{"href":"https:\/\/vagas.portalemprego.com.br\/index.php?rest_route=\/wp\/v2\/posts"}],"about":[{"href":"https:\/\/vagas.portalemprego.com.br\/index.php?rest_route=\/wp\/v2\/types\/post"}],"author":[{"embeddable":true,"href":"https:\/\/vagas.portalemprego.com.br\/index.php?rest_route=\/wp\/v2\/users\/1"}],"replies":[{"embeddable":true,"href":"https:\/\/vagas.portalemprego.com.br\/index.php?rest_route=%2Fwp%2Fv2%2Fcomments&post=7197"}],"version-history":[{"count":0,"href":"https:\/\/vagas.portalemprego.com.br\/index.php?rest_route=\/wp\/v2\/posts\/7197\/revisions"}],"wp:attachment":[{"href":"https:\/\/vagas.portalemprego.com.br\/index.php?rest_route=%2Fwp%2Fv2%2Fmedia&parent=7197"}],"wp:term":[{"taxonomy":"category","embeddable":true,"href":"https:\/\/vagas.portalemprego.com.br\/index.php?rest_route=%2Fwp%2Fv2%2Fcategories&post=7197"},{"taxonomy":"post_tag","embeddable":true,"href":"https:\/\/vagas.portalemprego.com.br\/index.php?rest_route=%2Fwp%2Fv2%2Ftags&post=7197"}],"curies":[{"name":"wp","href":"https:\/\/api.w.org\/{rel}","templated":true}]}}