{"id":7200,"date":"2026-04-29T06:32:32","date_gmt":"2026-04-29T09:32:32","guid":{"rendered":"https:\/\/vagas.portalemprego.com.br\/?p=7200"},"modified":"2026-04-29T06:32:32","modified_gmt":"2026-04-29T09:32:32","slug":"padeiro-alimentacao-gastronomia-campos-dos-goytacazes-3","status":"publish","type":"post","link":"https:\/\/vagas.portalemprego.com.br\/?p=7200","title":{"rendered":"Padeiro &#8211; Alimenta\u00e7\u00e3o \/ Gastronomia &#8211; Campos dos Goytacazes"},"content":{"rendered":"<p>Oferecemos uma oportunidade empolgante para um Padeiro talentoso e apaixonado por sua arte em uma importante empresa do setor. Nosso time \u00e9 reconhecido por sua paix\u00e3o em criar produtos de excel\u00eancia e n\u00f3s estamos procurando um profissional que compartilhe nossos valores e nos ajude a continuar nossa tradi\u00e7\u00e3o de qualidade e inova\u00e7\u00e3o.<\/p>\n<p>Requisitos:<br \/>\n&#8211; Diploma de conclus\u00e3o de curso profissionalizante em Panifica\u00e7\u00e3o ou experi\u00eancia equivalente comprovada;<br \/>\n&#8211; No m\u00ednimo 3 anos de experi\u00eancia comprovada como Padeiro em uma empresa de destaque;<br \/>\n&#8211; Conhecimento s\u00f3lido em t\u00e9cnicas de panifica\u00e7\u00e3o, massas, fermenta\u00e7\u00e3o e assados;<br \/>\n&#8211; Capacidade de trabalhar em equipe e manter um ambiente de trabalho positivo;<br \/>\n&#8211; Atitude proativa, respons\u00e1vel e comprometida com a qualidade;<br \/>\n&#8211; Disponibilidade para trabalhar em turnos e hor\u00e1rios flex\u00edveis.<\/p>\n<p>Responsabilidades:<br \/>\n&#8211; Preparar e assar uma variedade de p\u00e3es, bolos e produtos de padaria de acordo com as receitas e padr\u00f5es da empresa;<br \/>\n&#8211; Manter a higiene e organiza\u00e7\u00e3o do local de trabalho;<br \/>\n&#8211; Supervisionar e treinar outros padeiros e funcion\u00e1rios da padaria;<br \/>\n&#8211; Monitorar a qualidade dos ingredientes e produtos finais;<br \/>\n&#8211; Manter registros precisos de invent\u00e1rio e produ\u00e7\u00e3o;<br \/>\n&#8211; Colaborar na cria\u00e7\u00e3o de novas receitas e produtos;<br \/>\n&#8211; Garantir a satisfa\u00e7\u00e3o dos clientes com a qualidade e apresenta\u00e7\u00e3o dos produtos.<\/p>\n<p>N\u00f3s oferecemos:<br \/>\n&#8211; Um ambiente de trabalho desafiador e gratificante em uma empresa l\u00edder no setor;<br \/>\n&#8211; Oportunidades de crescimento profissional e desenvolvimento de carreira;<br \/>\n&#8211; Um time dedicado e apaixonado por sua profiss\u00e3o;<\/p>\n<p>Se voc\u00ea \u00e9 um Padeiro apaixonado por sua arte, com habilidades comprovadas e uma atitude positiva, n\u00f3s gostar\u00edamos de conhec\u00ea-lo. Envie seu curr\u00edculo e uma carta de apresenta\u00e7\u00e3o para nossa equipe de Recrutamento e Sele\u00e7\u00e3o e mostre-nos por que voc\u00ea \u00e9 o pr\u00f3ximo membro ideal para nosso time. Aguardo sua contribui\u00e7\u00e3o para continuarmos a oferecer aos nossos clientes os melhores produtos de padaria do mercado.<\/p>\n<ul>\n<li>Local de trabalho: Campos dos Goytacazes, RJ<\/li>\n<li>Regime de contrata\u00e7\u00e3o de tipo: Efetivo \u2013 CLT<\/li>\n<li>Jornada: Parcial manh\u00e3s<\/li>\n<li>\u00c1rea e especializa\u00e7\u00e3o profissional: Alimenta\u00e7\u00e3o \/ Gastronomia &#8211; Padaria<\/li>\n<li>N\u00edvel hier\u00e1rquico: Especialista<\/li>\n<\/ul>\n<p>VALORIZADO<\/p>\n<p>Tempo de experi\u00eancia: Entre 1 e 3 anos<\/p>\n<p>Escolaridade M\u00ednima: Ensino Fundamental (1\u00ba grau)<\/p>\n<p>Sal\u00e1rio: 1857,0<\/p>\n","protected":false},"excerpt":{"rendered":"<p>Oferecemos uma oportunidade empolgante para um Padeiro talentoso e apaixonado por sua arte em uma importante empresa do setor. Nosso time \u00e9 reconhecido por sua paix\u00e3o em criar produtos de excel\u00eancia e n\u00f3s estamos procurando um profissional que compartilhe nossos valores e nos ajude a continuar nossa tradi\u00e7\u00e3o de qualidade e inova\u00e7\u00e3o. Requisitos: &#8211; Diploma [&hellip;]<\/p>\n","protected":false},"author":1,"featured_media":0,"comment_status":"open","ping_status":"open","sticky":false,"template":"","format":"standard","meta":{"footnotes":""},"categories":[21],"tags":[],"class_list":["post-7200","post","type-post","status-publish","format-standard","hentry","category-rio-de-janeiro-rj"],"_links":{"self":[{"href":"https:\/\/vagas.portalemprego.com.br\/index.php?rest_route=\/wp\/v2\/posts\/7200","targetHints":{"allow":["GET"]}}],"collection":[{"href":"https:\/\/vagas.portalemprego.com.br\/index.php?rest_route=\/wp\/v2\/posts"}],"about":[{"href":"https:\/\/vagas.portalemprego.com.br\/index.php?rest_route=\/wp\/v2\/types\/post"}],"author":[{"embeddable":true,"href":"https:\/\/vagas.portalemprego.com.br\/index.php?rest_route=\/wp\/v2\/users\/1"}],"replies":[{"embeddable":true,"href":"https:\/\/vagas.portalemprego.com.br\/index.php?rest_route=%2Fwp%2Fv2%2Fcomments&post=7200"}],"version-history":[{"count":0,"href":"https:\/\/vagas.portalemprego.com.br\/index.php?rest_route=\/wp\/v2\/posts\/7200\/revisions"}],"wp:attachment":[{"href":"https:\/\/vagas.portalemprego.com.br\/index.php?rest_route=%2Fwp%2Fv2%2Fmedia&parent=7200"}],"wp:term":[{"taxonomy":"category","embeddable":true,"href":"https:\/\/vagas.portalemprego.com.br\/index.php?rest_route=%2Fwp%2Fv2%2Fcategories&post=7200"},{"taxonomy":"post_tag","embeddable":true,"href":"https:\/\/vagas.portalemprego.com.br\/index.php?rest_route=%2Fwp%2Fv2%2Ftags&post=7200"}],"curies":[{"name":"wp","href":"https:\/\/api.w.org\/{rel}","templated":true}]}}