{"id":7203,"date":"2026-04-29T06:32:32","date_gmt":"2026-04-29T09:32:32","guid":{"rendered":"https:\/\/vagas.portalemprego.com.br\/?p=7203"},"modified":"2026-04-29T06:32:32","modified_gmt":"2026-04-29T09:32:32","slug":"jovem-aprendiz-comercial-vendas-sao-goncalo","status":"publish","type":"post","link":"https:\/\/vagas.portalemprego.com.br\/?p=7203","title":{"rendered":"Jovem aprendiz &#8211; Comercial, Vendas &#8211; S\u00e3o Gon\u00e7alo"},"content":{"rendered":"<p>RESPONSABILIDADES E ATRIBUI\u00c7\u00d5ES<\/p>\n<p>Auxiliar no atendimento ao p\u00fablico<br \/>\nAuxiliar no abastecimento do setor onde o jovem estiver inserido<\/p>\n<p>REQUISITOS E QUALIFICA\u00c7\u00d5ES<\/p>\n<p>Cursando qualquer escolaridade ou ter conclu\u00eddo o ensino m\u00e9dio<br \/>\nMorar nas localidades de Itabora\u00ed, Vista Alegre ou Coluband\u00ea<\/p>\n<p>INFORMA\u00c7\u00d5ES ADICIONAIS<\/p>\n<p>Comunica\u00e7\u00e3o<br \/>\nRelacionamento interpessoal<br \/>\nAten\u00e7\u00e3o<br \/>\nTrabalho em equipe<br \/>\nOrganiza\u00e7\u00e3o<\/p>\n<ul>\n<li>N\u00famero de vagas: 10<\/li>\n<li>Local de trabalho: S\u00e3o Gon\u00e7alo, RJ<\/li>\n<li>Regime de contrata\u00e7\u00e3o de tipo: Jovem Aprendiz<\/li>\n<li>Jornada: Parcial tardes<\/li>\n<li>\u00c1rea e especializa\u00e7\u00e3o profissional: Comercial, Vendas &#8211; Atendimento<\/li>\n<li>N\u00edvel hier\u00e1rquico: Operacional<\/li>\n<\/ul>\n<p>VALORIZADO<\/p>\n<p>Tempo de experi\u00eancia: Sem experi\u00eancia<\/p>\n<p>Escolaridade M\u00ednima: Ensino Fundamental (1\u00ba grau)<\/p>\n","protected":false},"excerpt":{"rendered":"<p>RESPONSABILIDADES E ATRIBUI\u00c7\u00d5ES Auxiliar no atendimento ao p\u00fablico Auxiliar no abastecimento do setor onde o jovem estiver inserido REQUISITOS E QUALIFICA\u00c7\u00d5ES Cursando qualquer escolaridade ou ter conclu\u00eddo o ensino m\u00e9dio Morar nas localidades de Itabora\u00ed, Vista Alegre ou Coluband\u00ea INFORMA\u00c7\u00d5ES ADICIONAIS Comunica\u00e7\u00e3o Relacionamento interpessoal Aten\u00e7\u00e3o Trabalho em equipe Organiza\u00e7\u00e3o N\u00famero de vagas: 10 Local de [&hellip;]<\/p>\n","protected":false},"author":1,"featured_media":0,"comment_status":"open","ping_status":"open","sticky":false,"template":"","format":"standard","meta":{"footnotes":""},"categories":[21],"tags":[],"class_list":["post-7203","post","type-post","status-publish","format-standard","hentry","category-rio-de-janeiro-rj"],"_links":{"self":[{"href":"https:\/\/vagas.portalemprego.com.br\/index.php?rest_route=\/wp\/v2\/posts\/7203","targetHints":{"allow":["GET"]}}],"collection":[{"href":"https:\/\/vagas.portalemprego.com.br\/index.php?rest_route=\/wp\/v2\/posts"}],"about":[{"href":"https:\/\/vagas.portalemprego.com.br\/index.php?rest_route=\/wp\/v2\/types\/post"}],"author":[{"embeddable":true,"href":"https:\/\/vagas.portalemprego.com.br\/index.php?rest_route=\/wp\/v2\/users\/1"}],"replies":[{"embeddable":true,"href":"https:\/\/vagas.portalemprego.com.br\/index.php?rest_route=%2Fwp%2Fv2%2Fcomments&post=7203"}],"version-history":[{"count":0,"href":"https:\/\/vagas.portalemprego.com.br\/index.php?rest_route=\/wp\/v2\/posts\/7203\/revisions"}],"wp:attachment":[{"href":"https:\/\/vagas.portalemprego.com.br\/index.php?rest_route=%2Fwp%2Fv2%2Fmedia&parent=7203"}],"wp:term":[{"taxonomy":"category","embeddable":true,"href":"https:\/\/vagas.portalemprego.com.br\/index.php?rest_route=%2Fwp%2Fv2%2Fcategories&post=7203"},{"taxonomy":"post_tag","embeddable":true,"href":"https:\/\/vagas.portalemprego.com.br\/index.php?rest_route=%2Fwp%2Fv2%2Ftags&post=7203"}],"curies":[{"name":"wp","href":"https:\/\/api.w.org\/{rel}","templated":true}]}}