{"id":7204,"date":"2026-04-29T06:32:32","date_gmt":"2026-04-29T09:32:32","guid":{"rendered":"https:\/\/vagas.portalemprego.com.br\/?p=7204"},"modified":"2026-04-29T06:32:32","modified_gmt":"2026-04-29T09:32:32","slug":"pizzaiolo-alimentacao-gastronomia-rio-de-janeiro-9","status":"publish","type":"post","link":"https:\/\/vagas.portalemprego.com.br\/?p=7204","title":{"rendered":"Pizzaiolo &#8211; Alimenta\u00e7\u00e3o \/ Gastronomia &#8211; Rio de Janeiro"},"content":{"rendered":"<p>Delivery de pizzas e burguers saud\u00e1veis busca:  Pizzaiolo <\/p>\n<p>Elabora\u00e7\u00e3o das massas e preparos para as Pizzas e acompanhamentos, controle e organiza\u00e7\u00e3o de estoque e aux\u00edlio na limpeza da loja ao final do expediente. (especialidade: Pizzas veg)<\/p>\n<p>Requisitos:<br \/>\n-Exigida experi\u00eancia pr\u00e9via na fun\u00e7\u00e3o comprovada em carteira<br \/>\n-Ensino m\u00e9dio completo<br \/>\n&#8211; Morar pr\u00f3ximo ao local <\/p>\n<p>M\u00e9dia salarial: R$ 2.300,00 + VT + alimenta\u00e7\u00e3o no local<br \/>\n16h \u00e0s 00:20h, 6X1<\/p>\n<p>Local: Leblon<\/p>\n<ul>\n<li>Local de trabalho: Rio de Janeiro, RJ<\/li>\n<li>Regime de contrata\u00e7\u00e3o de tipo: Efetivo \u2013 CLT<\/li>\n<li>Jornada: Parcial noites<\/li>\n<li>\u00c1rea e especializa\u00e7\u00e3o profissional: Alimenta\u00e7\u00e3o \/ Gastronomia &#8211; Cozinha<\/li>\n<li>N\u00edvel hier\u00e1rquico: Auxiliar<\/li>\n<\/ul>\n<p>VALORIZADO<\/p>\n<p>Tempo de experi\u00eancia: Entre 3 e 5 anos<\/p>\n<p>Escolaridade M\u00ednima: Ensino M\u00e9dio (2\u00ba Grau)<\/p>\n<p>Sal\u00e1rio: 2300,0<\/p>\n","protected":false},"excerpt":{"rendered":"<p>Delivery de pizzas e burguers saud\u00e1veis busca: Pizzaiolo Elabora\u00e7\u00e3o das massas e preparos para as Pizzas e acompanhamentos, controle e organiza\u00e7\u00e3o de estoque e aux\u00edlio na limpeza da loja ao final do expediente. (especialidade: Pizzas veg) Requisitos: -Exigida experi\u00eancia pr\u00e9via na fun\u00e7\u00e3o comprovada em carteira -Ensino m\u00e9dio completo &#8211; Morar pr\u00f3ximo ao local M\u00e9dia salarial: [&hellip;]<\/p>\n","protected":false},"author":1,"featured_media":0,"comment_status":"open","ping_status":"open","sticky":false,"template":"","format":"standard","meta":{"footnotes":""},"categories":[21],"tags":[],"class_list":["post-7204","post","type-post","status-publish","format-standard","hentry","category-rio-de-janeiro-rj"],"_links":{"self":[{"href":"https:\/\/vagas.portalemprego.com.br\/index.php?rest_route=\/wp\/v2\/posts\/7204","targetHints":{"allow":["GET"]}}],"collection":[{"href":"https:\/\/vagas.portalemprego.com.br\/index.php?rest_route=\/wp\/v2\/posts"}],"about":[{"href":"https:\/\/vagas.portalemprego.com.br\/index.php?rest_route=\/wp\/v2\/types\/post"}],"author":[{"embeddable":true,"href":"https:\/\/vagas.portalemprego.com.br\/index.php?rest_route=\/wp\/v2\/users\/1"}],"replies":[{"embeddable":true,"href":"https:\/\/vagas.portalemprego.com.br\/index.php?rest_route=%2Fwp%2Fv2%2Fcomments&post=7204"}],"version-history":[{"count":0,"href":"https:\/\/vagas.portalemprego.com.br\/index.php?rest_route=\/wp\/v2\/posts\/7204\/revisions"}],"wp:attachment":[{"href":"https:\/\/vagas.portalemprego.com.br\/index.php?rest_route=%2Fwp%2Fv2%2Fmedia&parent=7204"}],"wp:term":[{"taxonomy":"category","embeddable":true,"href":"https:\/\/vagas.portalemprego.com.br\/index.php?rest_route=%2Fwp%2Fv2%2Fcategories&post=7204"},{"taxonomy":"post_tag","embeddable":true,"href":"https:\/\/vagas.portalemprego.com.br\/index.php?rest_route=%2Fwp%2Fv2%2Ftags&post=7204"}],"curies":[{"name":"wp","href":"https:\/\/api.w.org\/{rel}","templated":true}]}}