{"id":7206,"date":"2026-04-29T06:32:32","date_gmt":"2026-04-29T09:32:32","guid":{"rendered":"https:\/\/vagas.portalemprego.com.br\/?p=7206"},"modified":"2026-04-29T06:32:32","modified_gmt":"2026-04-29T09:32:32","slug":"assistente-de-licitacao-juridica-rio-de-janeiro-2","status":"publish","type":"post","link":"https:\/\/vagas.portalemprego.com.br\/?p=7206","title":{"rendered":"Assistente de Licita\u00e7\u00e3o &#8211; Jur\u00eddica &#8211; Rio de Janeiro"},"content":{"rendered":"<p>Realizar\u00e1 as seguintes atividades:<\/p>\n<p>&#8211; Prospectar e captar clientes em potencial;<br \/>\n&#8211; Manter rela\u00e7\u00f5es comerciais positivas para garantir vendas futuras;<br \/>\n&#8211; Atuar\u00e1 na partes interna e externa da empresa;<br \/>\n&#8211; Ter s\u00f3lida experi\u00eancia e conhecimento com a estrutura de \u00d3rg\u00e3o P\u00fablico;<br \/>\n&#8211; Participar\u00e1 de licita\u00e7\u00f5es de forma presencial e remota;<br \/>\n&#8211; Apresentar\u00e1 os nossos produtos;<br \/>\n&#8211; Far\u00e1 rotinas administrativas de um modo geral;<\/p>\n<p>Requisitos da vaga:<br \/>\n&#8211; Ensino superior completo em Direito ser\u00e1 um diferencial;<\/p>\n<p>Local de trabalho: Bonsucesso- RJ<br \/>\nSal\u00e1rio: \u00c0 combinar<br \/>\nBenef\u00edcios: Auxilio funeral + Seguro de Vida + vale refei\u00e7\u00e3o + vale transporte + ap\u00f3s 3 meses de experi\u00eancia plano de sa\u00fade e plano odontol\u00f3gico<\/p>\n<ul>\n<li>Local de trabalho: Rio de Janeiro, RJ<\/li>\n<li>Regime de contrata\u00e7\u00e3o de tipo: Efetivo \u2013 CLT<\/li>\n<li>Jornada: Per\u00edodo Integral<\/li>\n<li>\u00c1rea e especializa\u00e7\u00e3o profissional: Jur\u00eddica &#8211; Advocacia Geral<\/li>\n<li>N\u00edvel hier\u00e1rquico: Assistente<\/li>\n<\/ul>\n<p>VALORIZADO<\/p>\n<p>Tempo de experi\u00eancia: Entre 1 e 3 anos<\/p>\n<p>Escolaridade M\u00ednima: Ensino Superior<\/p>\n<p>Habilita\u00e7\u00e3o para dirigir: A, B<\/p>\n<p>Ve\u00edculo pr\u00f3prio<\/p>\n<p>Disponibilidade para viajar<\/p>\n<ul>\n<li>Assist\u00eancia odontol\u00f3gica<\/li>\n<li>Seguro de Vida<\/li>\n<li>Refei\u00e7\u00e3o no local<\/li>\n<li>Assist\u00eancia m\u00e9dica<\/li>\n<li>Vale-transporte<\/li>\n<\/ul>\n","protected":false},"excerpt":{"rendered":"<p>Realizar\u00e1 as seguintes atividades: &#8211; Prospectar e captar clientes em potencial; &#8211; Manter rela\u00e7\u00f5es comerciais positivas para garantir vendas futuras; &#8211; Atuar\u00e1 na partes interna e externa da empresa; &#8211; Ter s\u00f3lida experi\u00eancia e conhecimento com a estrutura de \u00d3rg\u00e3o P\u00fablico; &#8211; Participar\u00e1 de licita\u00e7\u00f5es de forma presencial e remota; &#8211; Apresentar\u00e1 os nossos produtos; [&hellip;]<\/p>\n","protected":false},"author":1,"featured_media":0,"comment_status":"open","ping_status":"open","sticky":false,"template":"","format":"standard","meta":{"footnotes":""},"categories":[21],"tags":[],"class_list":["post-7206","post","type-post","status-publish","format-standard","hentry","category-rio-de-janeiro-rj"],"_links":{"self":[{"href":"https:\/\/vagas.portalemprego.com.br\/index.php?rest_route=\/wp\/v2\/posts\/7206","targetHints":{"allow":["GET"]}}],"collection":[{"href":"https:\/\/vagas.portalemprego.com.br\/index.php?rest_route=\/wp\/v2\/posts"}],"about":[{"href":"https:\/\/vagas.portalemprego.com.br\/index.php?rest_route=\/wp\/v2\/types\/post"}],"author":[{"embeddable":true,"href":"https:\/\/vagas.portalemprego.com.br\/index.php?rest_route=\/wp\/v2\/users\/1"}],"replies":[{"embeddable":true,"href":"https:\/\/vagas.portalemprego.com.br\/index.php?rest_route=%2Fwp%2Fv2%2Fcomments&post=7206"}],"version-history":[{"count":0,"href":"https:\/\/vagas.portalemprego.com.br\/index.php?rest_route=\/wp\/v2\/posts\/7206\/revisions"}],"wp:attachment":[{"href":"https:\/\/vagas.portalemprego.com.br\/index.php?rest_route=%2Fwp%2Fv2%2Fmedia&parent=7206"}],"wp:term":[{"taxonomy":"category","embeddable":true,"href":"https:\/\/vagas.portalemprego.com.br\/index.php?rest_route=%2Fwp%2Fv2%2Fcategories&post=7206"},{"taxonomy":"post_tag","embeddable":true,"href":"https:\/\/vagas.portalemprego.com.br\/index.php?rest_route=%2Fwp%2Fv2%2Ftags&post=7206"}],"curies":[{"name":"wp","href":"https:\/\/api.w.org\/{rel}","templated":true}]}}