{"id":7208,"date":"2026-04-29T06:32:32","date_gmt":"2026-04-29T09:32:32","guid":{"rendered":"https:\/\/vagas.portalemprego.com.br\/?p=7208"},"modified":"2026-04-29T06:32:32","modified_gmt":"2026-04-29T09:32:32","slug":"motorista-de-utilitario-leve-transportes-campos-dos-goytacazes-2","status":"publish","type":"post","link":"https:\/\/vagas.portalemprego.com.br\/?p=7208","title":{"rendered":"MOTORISTA DE UTILIT\u00c1RIO LEVE &#8211; Transportes &#8211; Campos dos Goytacazes"},"content":{"rendered":"<p>Transportar, coletar e entregar cargas em gerais;<br \/>\nMovimentar cargas leves e pequenas, podem tamb\u00e9m operar equipamentos, realizar inspe\u00e7\u00f5es e reparos em ve\u00edculos, vistoriar cargas, al\u00e9m de verificar documenta\u00e7\u00e3o de ve\u00edculos e de cargas;<br \/>\nPreparar rota, ajudar na forma\u00e7\u00e3o da carga, ter contato e comunica\u00e7\u00e3o com o cliente.<\/p>\n<ul>\n<li>N\u00famero de vagas: 2<\/li>\n<li>Local de trabalho: Campos dos Goytacazes, RJ<\/li>\n<li>Regime de contrata\u00e7\u00e3o de tipo: Efetivo \u2013 CLT<\/li>\n<li>Jornada: Parcial tardes<\/li>\n<li>\u00c1rea e especializa\u00e7\u00e3o profissional: Transportes &#8211; Motorista<\/li>\n<li>N\u00edvel hier\u00e1rquico: Operacional<\/li>\n<\/ul>\n<p>VALORIZADO<\/p>\n<p>Tempo de experi\u00eancia: Menos de 1 ano<\/p>\n<p>Escolaridade M\u00ednima: Ensino Fundamental (1\u00ba grau)<\/p>\n<p>Habilita\u00e7\u00e3o para dirigir: B, A<\/p>\n","protected":false},"excerpt":{"rendered":"<p>Transportar, coletar e entregar cargas em gerais; Movimentar cargas leves e pequenas, podem tamb\u00e9m operar equipamentos, realizar inspe\u00e7\u00f5es e reparos em ve\u00edculos, vistoriar cargas, al\u00e9m de verificar documenta\u00e7\u00e3o de ve\u00edculos e de cargas; Preparar rota, ajudar na forma\u00e7\u00e3o da carga, ter contato e comunica\u00e7\u00e3o com o cliente. N\u00famero de vagas: 2 Local de trabalho: Campos [&hellip;]<\/p>\n","protected":false},"author":1,"featured_media":0,"comment_status":"open","ping_status":"open","sticky":false,"template":"","format":"standard","meta":{"footnotes":""},"categories":[21],"tags":[],"class_list":["post-7208","post","type-post","status-publish","format-standard","hentry","category-rio-de-janeiro-rj"],"_links":{"self":[{"href":"https:\/\/vagas.portalemprego.com.br\/index.php?rest_route=\/wp\/v2\/posts\/7208","targetHints":{"allow":["GET"]}}],"collection":[{"href":"https:\/\/vagas.portalemprego.com.br\/index.php?rest_route=\/wp\/v2\/posts"}],"about":[{"href":"https:\/\/vagas.portalemprego.com.br\/index.php?rest_route=\/wp\/v2\/types\/post"}],"author":[{"embeddable":true,"href":"https:\/\/vagas.portalemprego.com.br\/index.php?rest_route=\/wp\/v2\/users\/1"}],"replies":[{"embeddable":true,"href":"https:\/\/vagas.portalemprego.com.br\/index.php?rest_route=%2Fwp%2Fv2%2Fcomments&post=7208"}],"version-history":[{"count":0,"href":"https:\/\/vagas.portalemprego.com.br\/index.php?rest_route=\/wp\/v2\/posts\/7208\/revisions"}],"wp:attachment":[{"href":"https:\/\/vagas.portalemprego.com.br\/index.php?rest_route=%2Fwp%2Fv2%2Fmedia&parent=7208"}],"wp:term":[{"taxonomy":"category","embeddable":true,"href":"https:\/\/vagas.portalemprego.com.br\/index.php?rest_route=%2Fwp%2Fv2%2Fcategories&post=7208"},{"taxonomy":"post_tag","embeddable":true,"href":"https:\/\/vagas.portalemprego.com.br\/index.php?rest_route=%2Fwp%2Fv2%2Ftags&post=7208"}],"curies":[{"name":"wp","href":"https:\/\/api.w.org\/{rel}","templated":true}]}}