{"id":7210,"date":"2026-04-29T06:32:32","date_gmt":"2026-04-29T09:32:32","guid":{"rendered":"https:\/\/vagas.portalemprego.com.br\/?p=7210"},"modified":"2026-04-29T06:32:32","modified_gmt":"2026-04-29T09:32:32","slug":"designer-grafico-artes-rio-de-janeiro-2","status":"publish","type":"post","link":"https:\/\/vagas.portalemprego.com.br\/?p=7210","title":{"rendered":"Designer Gr\u00e1fico &#8211; Artes &#8211; Rio de Janeiro"},"content":{"rendered":"<p>Pr\u00e9-requisitos:<\/p>\n<p>Escolaridade: Ensino M\u00e9dio Completo ou Cursando N\u00edvel Superior;<br \/>\nExperi\u00eancia como Designer Gr\u00e1fico;<br \/>\nConhecimento em fotografia e filmagem;<br \/>\nTer habilidades com ferramentas de edi\u00e7\u00e3o.<br \/>\nPerfil:<br \/>\nDesigner gr\u00e1fico, com foco em m\u00eddias sociais. Habilidades leves em v\u00eddeos e edi\u00e7\u00e3o \u00e9 um diferencial<\/p>\n<p>Ferramentas indispens\u00e1veis:<br \/>\nPhotoshop e pacote adobe, Corel Draw apenas desej\u00e1vel<\/p>\n<p>Habilidades:<\/p>\n<p>Ser comunicativo;<br \/>\nBoa flu\u00eancia verbal;<br \/>\nEscuta\/Intera\u00e7\u00e3o;<br \/>\nDom\u00ednio das tecnologias.<\/p>\n<p>Hor\u00e1rio:<\/p>\n<p>Segunda a sexta de 07:30 \u00e0s 17:30<\/p>\n<p>Sal\u00e1rio:<br \/>\nR$: 2100,00<\/p>\n<p>Benef\u00edcios:<\/p>\n<p>VT + VR + Plano de sa\u00fade + Plano<br \/>\nodontol\u00f3gico<\/p>\n<ul>\n<li>Local de trabalho: Rio de Janeiro, RJ<\/li>\n<li>Regime de contrata\u00e7\u00e3o de tipo: Efetivo \u2013 CLT<\/li>\n<li>Jornada: Per\u00edodo Integral<\/li>\n<li>\u00c1rea e especializa\u00e7\u00e3o profissional: Artes &#8211; Artes Gr\u00e1ficas<\/li>\n<li>N\u00edvel hier\u00e1rquico: Analista<\/li>\n<\/ul>\n<p>VALORIZADO<\/p>\n<p>Tempo de experi\u00eancia: Entre 1 e 3 anos<\/p>\n<p>Escolaridade M\u00ednima: Ensino M\u00e9dio (2\u00ba Grau)<\/p>\n<ul>\n<li>Assist\u00eancia m\u00e9dica<\/li>\n<li>Vale-transporte<\/li>\n<li>Refei\u00e7\u00e3o no local<\/li>\n<li>Assist\u00eancia odontol\u00f3gica<\/li>\n<li>Seguro de Vida<\/li>\n<\/ul>\n","protected":false},"excerpt":{"rendered":"<p>Pr\u00e9-requisitos: Escolaridade: Ensino M\u00e9dio Completo ou Cursando N\u00edvel Superior; Experi\u00eancia como Designer Gr\u00e1fico; Conhecimento em fotografia e filmagem; Ter habilidades com ferramentas de edi\u00e7\u00e3o. Perfil: Designer gr\u00e1fico, com foco em m\u00eddias sociais. Habilidades leves em v\u00eddeos e edi\u00e7\u00e3o \u00e9 um diferencial Ferramentas indispens\u00e1veis: Photoshop e pacote adobe, Corel Draw apenas desej\u00e1vel Habilidades: Ser comunicativo; Boa [&hellip;]<\/p>\n","protected":false},"author":1,"featured_media":0,"comment_status":"open","ping_status":"open","sticky":false,"template":"","format":"standard","meta":{"footnotes":""},"categories":[21],"tags":[],"class_list":["post-7210","post","type-post","status-publish","format-standard","hentry","category-rio-de-janeiro-rj"],"_links":{"self":[{"href":"https:\/\/vagas.portalemprego.com.br\/index.php?rest_route=\/wp\/v2\/posts\/7210","targetHints":{"allow":["GET"]}}],"collection":[{"href":"https:\/\/vagas.portalemprego.com.br\/index.php?rest_route=\/wp\/v2\/posts"}],"about":[{"href":"https:\/\/vagas.portalemprego.com.br\/index.php?rest_route=\/wp\/v2\/types\/post"}],"author":[{"embeddable":true,"href":"https:\/\/vagas.portalemprego.com.br\/index.php?rest_route=\/wp\/v2\/users\/1"}],"replies":[{"embeddable":true,"href":"https:\/\/vagas.portalemprego.com.br\/index.php?rest_route=%2Fwp%2Fv2%2Fcomments&post=7210"}],"version-history":[{"count":0,"href":"https:\/\/vagas.portalemprego.com.br\/index.php?rest_route=\/wp\/v2\/posts\/7210\/revisions"}],"wp:attachment":[{"href":"https:\/\/vagas.portalemprego.com.br\/index.php?rest_route=%2Fwp%2Fv2%2Fmedia&parent=7210"}],"wp:term":[{"taxonomy":"category","embeddable":true,"href":"https:\/\/vagas.portalemprego.com.br\/index.php?rest_route=%2Fwp%2Fv2%2Fcategories&post=7210"},{"taxonomy":"post_tag","embeddable":true,"href":"https:\/\/vagas.portalemprego.com.br\/index.php?rest_route=%2Fwp%2Fv2%2Ftags&post=7210"}],"curies":[{"name":"wp","href":"https:\/\/api.w.org\/{rel}","templated":true}]}}