{"id":7211,"date":"2026-04-29T06:32:32","date_gmt":"2026-04-29T09:32:32","guid":{"rendered":"https:\/\/vagas.portalemprego.com.br\/?p=7211"},"modified":"2026-04-29T06:32:32","modified_gmt":"2026-04-29T09:32:32","slug":"tecnico-de-seguranca-do-trabalho-engenharia-porto-real-2","status":"publish","type":"post","link":"https:\/\/vagas.portalemprego.com.br\/?p=7211","title":{"rendered":"T\u00e9cnico de Seguran\u00e7a do Trabalho &#8211; Engenharia &#8211; Porto Real"},"content":{"rendered":"<p>Estamos em busca de um T\u00e9cnico de Seguran\u00e7a do Trabalho para se juntar \u00e0 nossa equipe na TRANSMORENO TRANSPORTE E LOGISTICA.<br \/>\nEste \u00e9 um papel fundamental para garantir a seguran\u00e7a e o bem-estar de todos os colaboradores e para manter um ambiente de trabalho seguro e eficiente.<\/p>\n<p>Como T\u00e9cnico de Seguran\u00e7a do Trabalho, voc\u00ea ser\u00e1 respons\u00e1vel por desenvolver, implementar e monitorar programas de seguran\u00e7a no trabalho.<br \/>\nSuas principais tarefas incluir\u00e3o a avalia\u00e7\u00e3o de riscos, a identifica\u00e7\u00e3o de \u00e1reas de melhoria e a promo\u00e7\u00e3o de pr\u00e1ticas seguras entre os funcion\u00e1rios.<br \/>\nAl\u00e9m disso, voc\u00ea ser\u00e1 o ponto de contato para quest\u00f5es relacionadas \u00e0 seguran\u00e7a, fornecendo treinamento e orienta\u00e7\u00e3o conforme necess\u00e1rio.<\/p>\n<p>Para este cargo, buscamos algu\u00e9m com habilidades de an\u00e1lise e s\u00edntese para avaliar riscos e identificar \u00e1reas de melhoria.<br \/>\nA capacidade de solucionar problemas de forma eficaz \u00e9 essencial, assim como o trabalho em equipe para garantir a colabora\u00e7\u00e3o e o comprometimento de todos os membros da equipe.<br \/>\nPlanejamento e organiza\u00e7\u00e3o s\u00e3o fundamentais para gerenciar projetos de seguran\u00e7a e garantir que todas as normas sejam seguidas.<br \/>\nSua comunica\u00e7\u00e3o e intera\u00e7\u00e3o s\u00e3o cruciais para transmitir informa\u00e7\u00f5es importantes e promover uma cultura de seguran\u00e7a.<\/p>\n<p>Experi\u00eancia em seguran\u00e7a do trabalho, conhecimento em normas regulat\u00f3rias e habilidades t\u00e9cnicas s\u00e3o altamente valorizados.<br \/>\nSe voc\u00ea tem um forte senso de responsabilidade e est\u00e1 comprometido com a seguran\u00e7a e o bem-estar dos colaboradores, esta oportunidade \u00e9 para voc\u00ea.<\/p>\n<p>Junte-se \u00e0 TRANSMORENO TRANSPORTE E LOGISTICA e fa\u00e7a parte de uma equipe dedicada a garantir um ambiente de trabalho seguro e produtivo.<\/p>\n<ul>\n<li>Local de trabalho: Porto Real, RJ<\/li>\n<li>Regime de contrata\u00e7\u00e3o de tipo: Efetivo \u2013 CLT<\/li>\n<li>Jornada: Per\u00edodo Integral<\/li>\n<li>\u00c1rea e especializa\u00e7\u00e3o profissional: Engenharia &#8211; Engenharia de Seguran\u00e7a do Trabalho<\/li>\n<li>N\u00edvel hier\u00e1rquico: Assistente<\/li>\n<\/ul>\n<p>HABILIDADES<\/p>\n<ul>\n<li>comunica\u00e7\u00e3o e intera\u00e7\u00e3o<\/li>\n<li>planejamento e organiza\u00e7\u00e3o<\/li>\n<li>trabalho em equipe<\/li>\n<li>solu\u00e7\u00e3o de problemas<\/li>\n<li>an\u00e1lise e sintese<\/li>\n<\/ul>\n<p>Escolaridade M\u00ednima: Curso T\u00e9cnico<\/p>\n<p>Habilita\u00e7\u00e3o para dirigir: B<\/p>\n<ul>\n<li>Plano de sa\u00fade<\/li>\n<li>Plano odontol\u00f3gico<\/li>\n<li>Vale-alimenta\u00e7\u00e3o<\/li>\n<li>Transporte fretado<\/li>\n<li>Vale-refei\u00e7\u00e3o<\/li>\n<\/ul>\n","protected":false},"excerpt":{"rendered":"<p>Estamos em busca de um T\u00e9cnico de Seguran\u00e7a do Trabalho para se juntar \u00e0 nossa equipe na TRANSMORENO TRANSPORTE E LOGISTICA. Este \u00e9 um papel fundamental para garantir a seguran\u00e7a e o bem-estar de todos os colaboradores e para manter um ambiente de trabalho seguro e eficiente. Como T\u00e9cnico de Seguran\u00e7a do Trabalho, voc\u00ea ser\u00e1 [&hellip;]<\/p>\n","protected":false},"author":1,"featured_media":0,"comment_status":"open","ping_status":"open","sticky":false,"template":"","format":"standard","meta":{"footnotes":""},"categories":[21],"tags":[],"class_list":["post-7211","post","type-post","status-publish","format-standard","hentry","category-rio-de-janeiro-rj"],"_links":{"self":[{"href":"https:\/\/vagas.portalemprego.com.br\/index.php?rest_route=\/wp\/v2\/posts\/7211","targetHints":{"allow":["GET"]}}],"collection":[{"href":"https:\/\/vagas.portalemprego.com.br\/index.php?rest_route=\/wp\/v2\/posts"}],"about":[{"href":"https:\/\/vagas.portalemprego.com.br\/index.php?rest_route=\/wp\/v2\/types\/post"}],"author":[{"embeddable":true,"href":"https:\/\/vagas.portalemprego.com.br\/index.php?rest_route=\/wp\/v2\/users\/1"}],"replies":[{"embeddable":true,"href":"https:\/\/vagas.portalemprego.com.br\/index.php?rest_route=%2Fwp%2Fv2%2Fcomments&post=7211"}],"version-history":[{"count":0,"href":"https:\/\/vagas.portalemprego.com.br\/index.php?rest_route=\/wp\/v2\/posts\/7211\/revisions"}],"wp:attachment":[{"href":"https:\/\/vagas.portalemprego.com.br\/index.php?rest_route=%2Fwp%2Fv2%2Fmedia&parent=7211"}],"wp:term":[{"taxonomy":"category","embeddable":true,"href":"https:\/\/vagas.portalemprego.com.br\/index.php?rest_route=%2Fwp%2Fv2%2Fcategories&post=7211"},{"taxonomy":"post_tag","embeddable":true,"href":"https:\/\/vagas.portalemprego.com.br\/index.php?rest_route=%2Fwp%2Fv2%2Ftags&post=7211"}],"curies":[{"name":"wp","href":"https:\/\/api.w.org\/{rel}","templated":true}]}}